{"id":8794,"date":"2020-12-26T21:54:49","date_gmt":"2020-12-27T00:54:49","guid":{"rendered":"https:\/\/tvc16.com\/portal\/?p=8794"},"modified":"2020-12-26T21:54:51","modified_gmt":"2020-12-27T00:54:51","slug":"na-proxima-terca-feira-29-sera-realizada-uma-oficina-de-capacitacao-a-distancia-com-a-arte-educadora-valeria-cardoso-onde-serao-apresentados-os-projetos-do-tupi-ao-guarani-contos-do-bras","status":"publish","type":"post","link":"https:\/\/tvc16.com\/portal\/2020\/12\/26\/na-proxima-terca-feira-29-sera-realizada-uma-oficina-de-capacitacao-a-distancia-com-a-arte-educadora-valeria-cardoso-onde-serao-apresentados-os-projetos-do-tupi-ao-guarani-contos-do-bras\/","title":{"rendered":"Na pr\u00f3xima ter\u00e7a-feira (29), ser\u00e1 realizada uma Oficina de Capacita\u00e7\u00e3o \u00e0 dist\u00e2ncia com a arte-educadora Val\u00e9ria Cardoso, onde ser\u00e3o apresentados os projetos \u201cDo Tupi ao Guarani: Contos do Brasil\u201d e \u201cPolinizando a Vida: Arte e Educa\u00e7\u00e3o Ambiental\u201d"},"content":{"rendered":"\n<p>A atividade, gratuita, \u00e9 voltada a educadores da rede municipal, mas aberta a todos os interessados. A atividade integra os dois projetos desenvolvidos ao longo de 2020 com verba do Fundo Municipal de Cultura. Durante a oficina, os educadores ter\u00e3o acesso aos audiovisuais produzidos para alunos com idades entre 6 e 11 anos.<\/p>\n\n\n\n<p>A oficina ser\u00e1 realizada pelo Google Meet, de 10h \/12h, pelo endere\u00e7o eletr\u00f4nico:&nbsp;<a rel=\"noreferrer noopener\" target=\"_blank\" href=\"https:\/\/meet.google.com\/rzs-sfus-njk\">https:\/\/meet.google.com\/rzs-sfus-njk<\/a>. Al\u00e9m de participar da oficina online, os educadores poder\u00e3o ter acesso ao material did\u00e1tico solicitando o envio dos links pelo e-mail para a produtora,&nbsp;<a rel=\"noreferrer noopener\" target=\"_blank\" href=\"mailto:contato@pranaproducaocultural.com.br\">contato@pranaproducaocultural.com.br<\/a>. Tudo de forma gratuita.<\/p>\n\n\n\n<p>\u201cA oficina tem como proposta apresentar todo o conte\u00fado de arte-educa\u00e7\u00e3o e capacitar educadores, que estar\u00e3o aptos a desenvolver os projetos junto aos alunos com o uso dos v\u00eddeos criados ao longo deste per\u00edodo\u201d, explicou Val\u00e9ria Cardoso, idealizadora e produtora.<\/p>\n\n\n\n<p>O t\u00edtulo \u201cDo Tupi ao Guarani: Contos do Brasil\u201d promove um passeio imagin\u00e1rio pelas lendas do folclore brasileiro e apresenta personagens da nossa hist\u00f3ria. A conta\u00e7\u00e3o, na vers\u00e3o audiovisual, \u00e9 apresentada pelo Verso na Viola, formado pela dupla Diego Teixeira e Val\u00e9ria Cardoso. A m\u00fasica embala esta aventura, que re\u00fane seis v\u00eddeos.<\/p>\n\n\n\n<p>A import\u00e2ncia da preserva\u00e7\u00e3o dos recursos naturais e dos ecossistemas \u00e9 abordada no audiovisual \u201cPolinizando a Vida: Arte e Educa\u00e7\u00e3o Ambiental\u201d. A atriz e cantora M\u00f4nica Campos e a arte-educadora Val\u00e9ria Cardoso apresentam o tema de forma l\u00fadica e divertida para despertar a consci\u00eancia ambiental no p\u00fablico infantil. O t\u00edtulo conta com cinco v\u00eddeos e traz aulas de desenho do artista Rodrigo Santana CB. Os v\u00eddeos contam com tradu\u00e7\u00e3o em LIBRAS por Vania Cristina do Nascimento.<\/p>\n\n\n\n<p>Ambas as produ\u00e7\u00f5es s\u00e3o da Prana Produ\u00e7\u00f5es e ser\u00e3o disponibilizadas em breve no canal do Youtube do Instituto Municipal de Cultura e Esportes da Prefeitura de Petr\u00f3polis.&nbsp;<\/p>\n","protected":false},"excerpt":{"rendered":"<p>A atividade, gratuita, \u00e9 voltada a educadores da rede municipal, mas aberta a todos os<\/p>\n","protected":false},"author":2,"featured_media":8795,"comment_status":"open","ping_status":"open","sticky":false,"template":"","format":"standard","meta":{"footnotes":""},"categories":[12],"tags":[],"class_list":["post-8794","post","type-post","status-publish","format-standard","has-post-thumbnail","hentry","category-cidade"],"_links":{"self":[{"href":"https:\/\/tvc16.com\/portal\/wp-json\/wp\/v2\/posts\/8794","targetHints":{"allow":["GET"]}}],"collection":[{"href":"https:\/\/tvc16.com\/portal\/wp-json\/wp\/v2\/posts"}],"about":[{"href":"https:\/\/tvc16.com\/portal\/wp-json\/wp\/v2\/types\/post"}],"author":[{"embeddable":true,"href":"https:\/\/tvc16.com\/portal\/wp-json\/wp\/v2\/users\/2"}],"replies":[{"embeddable":true,"href":"https:\/\/tvc16.com\/portal\/wp-json\/wp\/v2\/comments?post=8794"}],"version-history":[{"count":1,"href":"https:\/\/tvc16.com\/portal\/wp-json\/wp\/v2\/posts\/8794\/revisions"}],"predecessor-version":[{"id":8796,"href":"https:\/\/tvc16.com\/portal\/wp-json\/wp\/v2\/posts\/8794\/revisions\/8796"}],"wp:featuredmedia":[{"embeddable":true,"href":"https:\/\/tvc16.com\/portal\/wp-json\/wp\/v2\/media\/8795"}],"wp:attachment":[{"href":"https:\/\/tvc16.com\/portal\/wp-json\/wp\/v2\/media?parent=8794"}],"wp:term":[{"taxonomy":"category","embeddable":true,"href":"https:\/\/tvc16.com\/portal\/wp-json\/wp\/v2\/categories?post=8794"},{"taxonomy":"post_tag","embeddable":true,"href":"https:\/\/tvc16.com\/portal\/wp-json\/wp\/v2\/tags?post=8794"}],"curies":[{"name":"wp","href":"https:\/\/api.w.org\/{rel}","templated":true}]}}