{"id":8797,"date":"2020-12-27T12:24:40","date_gmt":"2020-12-27T15:24:40","guid":{"rendered":"https:\/\/tvc16.com\/portal\/?p=8797"},"modified":"2020-12-27T12:24:42","modified_gmt":"2020-12-27T15:24:42","slug":"brasil-lanca-325-mil-toneladas-de-plastico-no-mar-por-ano","status":"publish","type":"post","link":"https:\/\/tvc16.com\/portal\/2020\/12\/27\/brasil-lanca-325-mil-toneladas-de-plastico-no-mar-por-ano\/","title":{"rendered":"Brasil lan\u00e7a 325 mil toneladas de pl\u00e1stico no mar por ano"},"content":{"rendered":"\n<p>Pa\u00eds produz 500 bilh\u00f5es de itens descart\u00e1veis por ano, a maior parte desses itens se torna lixo e isso acaba chegando no oceano, trazendo consequ\u00eancias tanto para a vida marinha quanto para a vida das pessoas<\/p>\n\n\n\n<p>Cerca de 890 toneladas de pl\u00e1sticos s\u00e3o despejadas no mar brasileiro por dia. A polui\u00e7\u00e3o marinha por pl\u00e1sticos \u00e9 um grave problema global, que tem efeito sobre os ecossistemas marinhos, o clima, a qualidade de vida da popula\u00e7\u00e3o e as atividades econ\u00f4micas que dependem do mar.&nbsp;<\/p>\n\n\n\n<p>Um estudo da organiza\u00e7\u00e3o n\u00e3o governamental e sem fins lucrativos, Oceana, mostra que o Brasil, maior produtor de pl\u00e1stico na Am\u00e9rica Latina, \u00e9 respons\u00e1vel por pelo menos 325 mil toneladas desses res\u00edduos no oceano, que s\u00e3o levados a partir de fontes terrestres tais como lix\u00f5es a c\u00e9u aberto e descartes inadequados a cada ano.&nbsp;<\/p>\n\n\n\n<p>Os dados fazem parte do relat\u00f3rio \u201cUm oceano livre de pl\u00e1stico \u2013 desafios para reduzir a polui\u00e7\u00e3o marinha no Brasil\u201d. De acordo com a pesquisa, a maior parte desse lixo marinho \u00e9 composta por produtos e embalagens pl\u00e1sticas descart\u00e1veis e, em geral, esses itens s\u00e3o feitos para consumo e descarte imediato, gerando grande quantidade de res\u00edduos n\u00e3o biodegrad\u00e1veis.<\/p>\n\n\n\n<figure class=\"wp-block-image\"><img decoding=\"async\" src=\"\/\/s3-sa-east-1.amazonaws.com\/agencia-radio-arb\/3368\/content_lixo-plastico3.png\" alt=\"\"\/><\/figure>\n\n\n\n<p>\u201cO estudo da Oceana mostra que 325 mil toneladas de pl\u00e1stico chegam ao mar todo ano e a maioria disso \u00e9 pl\u00e1stico descart\u00e1vel, isso traz consequ\u00eancias tanto para a vida marinha quanto para a vida das pessoas\u201d, explicou a cientista marinha Lara Iwanicki, uma das respons\u00e1veis pelo relat\u00f3rio.<\/p>\n\n\n\n<p>A ind\u00fastria brasileira produz anualmente cerca de 500 bilh\u00f5es de itens pl\u00e1sticos descart\u00e1veis tais como copos, talheres, sacolas pl\u00e1sticas, e embalagens para as mais diversas aplica\u00e7\u00f5es. S\u00e3o 15 mil itens por segundo. A maior parte acumula-se em aterros, lix\u00f5es, mas uma parcela muito importante vai para o meio ambiente.&nbsp;<\/p>\n\n\n\n<p><a href=\"https:\/\/brasil61.com\/noticias\/cresce-em-16-a-destinacao-inadequada-do-lixo-no-brasil-em-10-anos-bras203050\"><strong>Cresce em 16% a destina\u00e7\u00e3o inadequada do lixo, no Brasil, em 10 anos<\/strong><\/a><\/p>\n\n\n\n<p><a href=\"https:\/\/brasil61.com\/noticias\/mg-destinacao-correta-dos-residuos-solidos-e-meta-do-consorcio-municipal-de-desenvolvimento-regional-bras203081\"><strong>MG: Destina\u00e7\u00e3o correta dos res\u00edduos s\u00f3lidos \u00e9 meta do Cons\u00f3rcio Municipal de Desenvolvimento Regional<\/strong><\/a><\/p>\n\n\n\n<p>Parte desse volume de lixo tem sido ingerido tamb\u00e9m por animais marinhos, que morrem contaminados. Outra parte acaba convertida em pequenos fragmentos, micropl\u00e1sticos que poluem as \u00e1guas e acabam sendo ingeridos pelos pescados e assim pela popula\u00e7\u00e3o.<\/p>\n\n\n\n<p>Em apenas 24 horas, bilh\u00f5es de itens de pl\u00e1stico escorrem pelos esgotos, ou s\u00e3o levados pelas chuvas e acessam os rios, at\u00e9 invadirem o litoral. S\u00e3o embalagens abandonadas em lix\u00f5es, materiais deixados sobre as areias das praias que acabam nas \u00e1guas do Atl\u00e2ntico.&nbsp;<\/p>\n\n\n\n<p>Uma prova da chegada desses poluentes na costa \u00e9 o estudo que mostra que 70% dos materiais e fragmentos coletados em limpezas de praia no litoral brasileiro s\u00e3o de pl\u00e1sticos, principalmente embalagens.&nbsp;<\/p>\n\n\n\n<figure class=\"wp-block-image\"><img decoding=\"async\" src=\"\/\/s3-sa-east-1.amazonaws.com\/agencia-radio-arb\/3369\/content_lixo-plastico2.png\" alt=\"\"\/><\/figure>\n\n\n\n<p>Diante desse cen\u00e1rio, a Oceana prop\u00f5e a cria\u00e7\u00e3o de uma Lei nacional para reduzir a oferta e uso de pl\u00e1stico descart\u00e1vel, visando reduzir a gera\u00e7\u00e3o de res\u00edduos evit\u00e1veis, problem\u00e1ticos e desnecess\u00e1rios de pl\u00e1stico, seguindo o exemplo de mais de 40 pa\u00edses no mundo.<\/p>\n\n\n\n<p>\u201cPara impedir que o pl\u00e1stico continue entrando no nosso oceano a gente precisa reduzir a quantidade de pl\u00e1stico descart\u00e1vel que est\u00e1 sendo colocado no mercado. A Oceana defende que precisamos de uma lei nacional regulamentando o uso do pl\u00e1stico descart\u00e1vel e que as empresas tamb\u00e9m se responsabilizem, as empresas precisam oferecer para os seus consumidores alternativas, op\u00e7\u00f5es de embalagens e de produtos que n\u00e3o sejam pl\u00e1stico, para que o consumidor tamb\u00e9m consiga fazer uma escolha consciente\u201d, declarou Iwanicki.<\/p>\n\n\n\n<h2 class=\"wp-block-heading\">Ativismo<\/h2>\n\n\n\n<p>Atuando h\u00e1 8 anos com mutir\u00f5es de limpeza de praia, o Instituto Mar Azul (IMA) surgiu atrav\u00e9s da insatisfa\u00e7\u00e3o com as condi\u00e7\u00f5es ambientais das praias, oceanos e ecossistemas, representantes da sociedade civil. Segundo o diretor-presidente do instituto, Hailton Santos, a mobiliza\u00e7\u00e3o em defesa da cria\u00e7\u00e3o de pol\u00edticas p\u00fablicas relacionadas \u00e0 balneabilidade das praias e \u00e0 preserva\u00e7\u00e3o da vida marinha tem como principal bandeira o esfor\u00e7o conjunto da sociedade civil organizada.<\/p>\n\n\n\n<p>\u201cEm meados de 2012 um dos nossos fundadores contraiu uma infec\u00e7\u00e3o ao surfar na praia do boqueir\u00e3o em Santos, em S\u00e3o Paulo. Quando n\u00f3s soubemos que ele havia ficado doente ficamos muito indignados e a\u00ed nos demos conta da quantidade e variedade de res\u00edduos existentes na praia e decidimos fazer alguma coisa\u201d, contou Santos.<\/p>\n\n\n\n<figure class=\"wp-block-image\"><img decoding=\"async\" src=\"\/\/s3-sa-east-1.amazonaws.com\/agencia-radio-arb\/3370\/content_WhatsApp_Image_2020-12-18_at_10.28.22.jpeg\" alt=\"\"\/><\/figure>\n\n\n\n<p>Definindo o pl\u00e1stico como um material onipresente, o ativista ambiental Alex Trevelin usou da mobiliza\u00e7\u00e3o nas redes sociais para tomar uma atitude que pudesse mudar a realidade das praias ao seu redor, criando ent\u00e3o o Projeto ECOlibri.<\/p>\n\n\n\n<p>\u201cClaro que pra gente resolver um problema como esse, o que eu encaro tamb\u00e9m como uma prioridade \u00e9 a mudan\u00e7a de h\u00e1bito, \u00e9 importante que sejamos ecoconscientes e saibamos promover a auto observa\u00e7\u00e3o, pois atrav\u00e9s dessas iniciativas individuais que possibilitam acontecer as mudan\u00e7as, mas \u00e9 claro que pol\u00edticas p\u00fablicas, por exemplo planos de gerenciamento de res\u00edduos s\u00f3lidos, como o pr\u00f3prio nome sugere, eles precisam ser revisados e exigidos pelas secretarias municipais\u201d, avaliou.&nbsp;<\/p>\n\n\n\n<figure class=\"wp-block-image\"><img decoding=\"async\" src=\"\/\/s3-sa-east-1.amazonaws.com\/agencia-radio-arb\/3371\/content_WhatsApp_Image_2020-12-18_at_13.38.33.jpeg\" alt=\"\"\/><\/figure>\n\n\n\n<h2 class=\"wp-block-heading\">Munic\u00edpios<\/h2>\n\n\n\n<p>Para a cientista marinha Lara Iwanicki, atitudes simples podem fazer a diferen\u00e7a, como a recusa do pl\u00e1stico descart\u00e1vel sempre que for poss\u00edvel. Ela afirmou ainda que \u00e9 poss\u00edvel contribuir para diminuir esse n\u00famero descartado no mar mesmo em munic\u00edpios distantes do litoral, e que a atua\u00e7\u00e3o dos gestores municipais t\u00eam papel fundamental.<\/p>\n\n\n\n<figure class=\"wp-block-image\"><img decoding=\"async\" src=\"\/\/s3-sa-east-1.amazonaws.com\/agencia-radio-arb\/3372\/content_lixo-plastico-olho.png\" alt=\"\"\/><\/figure>\n\n\n\n<p>\u201cO pl\u00e1stico que chega no mar tamb\u00e9m vem do lixo que cai nos rios nas cidades do interior, os prefeitos n\u00e3o s\u00f3 tem o papel important\u00edssimo na resolu\u00e7\u00e3o desse problema, como tamb\u00e9m uma \u00f3tima oportunidade com o in\u00edcio do mandato de 2021, que \u00e9 a preval\u00eancia de reduzir o uso do pl\u00e1stico descart\u00e1vel\u201d, disse Iwanicki.<\/p>\n\n\n\n<p>Para tentar reduzir a polui\u00e7\u00e3o ambiental, a maior cidade do Pa\u00eds, com 12,2 milh\u00f5es de habitantes, S\u00e3o Paulo proibiu o fornecimento de copos, pratos, talheres, agitadores para bebidas e varas para bal\u00f5es descart\u00e1veis feitos de material pl\u00e1stico aos clientes de hot\u00e9is, restaurantes, bares e padarias, entre outros estabelecimentos comerciais.&nbsp;<\/p>\n\n\n\n<p>Fonte: <a href=\"https:\/\/brasil61.com\/noticias\/brasil-lanca-325-mil-toneladas-de-plastico-no-mar-por-ano-bras203097?email=bethdeoliveira@yahoo.com.br&amp;utm_source=newsletter&amp;utm_medium=newsletter&amp;utm_campaign=newsletter\" target=\"_blank\" rel=\"noreferrer noopener\">Brasil 61<\/a><\/p>\n","protected":false},"excerpt":{"rendered":"<p>Pa\u00eds produz 500 bilh\u00f5es de itens descart\u00e1veis por ano, a maior parte desses itens se<\/p>\n","protected":false},"author":2,"featured_media":8798,"comment_status":"open","ping_status":"open","sticky":false,"template":"","format":"standard","meta":{"footnotes":""},"categories":[17],"tags":[],"class_list":["post-8797","post","type-post","status-publish","format-standard","has-post-thumbnail","hentry","category-outras-noticias"],"_links":{"self":[{"href":"https:\/\/tvc16.com\/portal\/wp-json\/wp\/v2\/posts\/8797","targetHints":{"allow":["GET"]}}],"collection":[{"href":"https:\/\/tvc16.com\/portal\/wp-json\/wp\/v2\/posts"}],"about":[{"href":"https:\/\/tvc16.com\/portal\/wp-json\/wp\/v2\/types\/post"}],"author":[{"embeddable":true,"href":"https:\/\/tvc16.com\/portal\/wp-json\/wp\/v2\/users\/2"}],"replies":[{"embeddable":true,"href":"https:\/\/tvc16.com\/portal\/wp-json\/wp\/v2\/comments?post=8797"}],"version-history":[{"count":1,"href":"https:\/\/tvc16.com\/portal\/wp-json\/wp\/v2\/posts\/8797\/revisions"}],"predecessor-version":[{"id":8799,"href":"https:\/\/tvc16.com\/portal\/wp-json\/wp\/v2\/posts\/8797\/revisions\/8799"}],"wp:featuredmedia":[{"embeddable":true,"href":"https:\/\/tvc16.com\/portal\/wp-json\/wp\/v2\/media\/8798"}],"wp:attachment":[{"href":"https:\/\/tvc16.com\/portal\/wp-json\/wp\/v2\/media?parent=8797"}],"wp:term":[{"taxonomy":"category","embeddable":true,"href":"https:\/\/tvc16.com\/portal\/wp-json\/wp\/v2\/categories?post=8797"},{"taxonomy":"post_tag","embeddable":true,"href":"https:\/\/tvc16.com\/portal\/wp-json\/wp\/v2\/tags?post=8797"}],"curies":[{"name":"wp","href":"https:\/\/api.w.org\/{rel}","templated":true}]}}