{"id":8801,"date":"2020-12-27T12:28:07","date_gmt":"2020-12-27T15:28:07","guid":{"rendered":"https:\/\/tvc16.com\/portal\/?p=8801"},"modified":"2020-12-27T12:28:09","modified_gmt":"2020-12-27T15:28:09","slug":"gestores-do-sus-tem-ate-31-de-dezembro-para-cadastrem-profissionais-no-consultorio-virtual","status":"publish","type":"post","link":"https:\/\/tvc16.com\/portal\/2020\/12\/27\/gestores-do-sus-tem-ate-31-de-dezembro-para-cadastrem-profissionais-no-consultorio-virtual\/","title":{"rendered":"Gestores do SUS t\u00eam at\u00e9 31 de dezembro para cadastrem profissionais no Consult\u00f3rio virtual"},"content":{"rendered":"\n<p>Ferramenta permite a emiss\u00e3o de atestados, solicita\u00e7\u00f5es de exames e prescri\u00e7\u00f5es de medicamentos pela internet<\/p>\n\n\n\n<p>Profissionais que atuam no Sistema \u00danico de Sa\u00fade (SUS) t\u00eam at\u00e9 31 de dezembro para aderir&nbsp;no Consult\u00f3rio Virtual na Aten\u00e7\u00e3o Prim\u00e1ria \u00e0 Sa\u00fade (APS). Implementado em maio, a plataforma permite a emiss\u00e3o de atestados, solicita\u00e7\u00f5es de exames e prescri\u00e7\u00f5es de medicamentos virtualmente.&nbsp;<\/p>\n\n\n\n<p>Segundo o Minist\u00e9rio da Sa\u00fade, a ades\u00e3o \u00e0 ferramenta e o cadastro dos profissionais devem ser feitos pelos gestores locais por meio da plataforma e-Gestor AB. A pasta afirma que a iniciativa permitiu que pacientes com doen\u00e7as cr\u00f4nicas, como hipertens\u00e3o e diabetes pudessem seguir o acompanhamento m\u00e9dico de forma remota durante a pandemia da Covid-19.&nbsp;<\/p>\n\n\n\n<p><strong><a href=\"https:\/\/brasil61.com\/noticias\/uniao-estados-e-municipios-precisam-trabalhar-juntos-na-distribuicao-e-vacinacao-contra-covid-19-bras203083\" target=\"_blank\" rel=\"noreferrer noopener\">Uni\u00e3o, estados e munic\u00edpios precisam trabalhar juntos na distribui\u00e7\u00e3o e vacina\u00e7\u00e3o contra Covid-19<\/a><\/strong><\/p>\n\n\n\n<p>O governo federal diz que ir\u00e1 disponibilizar 20 mil assinaturas digitais gratuitas aos profissionais que aderirem \u00e0 plataforma.&nbsp;<\/p>\n\n\n\n<p>Fonte: <a href=\"https:\/\/brasil61.com\/noticias\/gestores-do-sus-tem-ate-31-de-dezembro-para-cadastrem-profissionais-no-consultorio-virtual-bras203094?email=bethdeoliveira@yahoo.com.br&amp;utm_source=newsletter&amp;utm_medium=newsletter&amp;utm_campaign=newsletter\" target=\"_blank\" rel=\"noreferrer noopener\">Brasil 61<\/a><\/p>\n","protected":false},"excerpt":{"rendered":"<p>Ferramenta permite a emiss\u00e3o de atestados, solicita\u00e7\u00f5es de exames e prescri\u00e7\u00f5es de medicamentos pela internet<\/p>\n","protected":false},"author":2,"featured_media":8802,"comment_status":"open","ping_status":"open","sticky":false,"template":"","format":"standard","meta":{"footnotes":""},"categories":[17],"tags":[],"class_list":["post-8801","post","type-post","status-publish","format-standard","has-post-thumbnail","hentry","category-outras-noticias"],"_links":{"self":[{"href":"https:\/\/tvc16.com\/portal\/wp-json\/wp\/v2\/posts\/8801","targetHints":{"allow":["GET"]}}],"collection":[{"href":"https:\/\/tvc16.com\/portal\/wp-json\/wp\/v2\/posts"}],"about":[{"href":"https:\/\/tvc16.com\/portal\/wp-json\/wp\/v2\/types\/post"}],"author":[{"embeddable":true,"href":"https:\/\/tvc16.com\/portal\/wp-json\/wp\/v2\/users\/2"}],"replies":[{"embeddable":true,"href":"https:\/\/tvc16.com\/portal\/wp-json\/wp\/v2\/comments?post=8801"}],"version-history":[{"count":1,"href":"https:\/\/tvc16.com\/portal\/wp-json\/wp\/v2\/posts\/8801\/revisions"}],"predecessor-version":[{"id":8803,"href":"https:\/\/tvc16.com\/portal\/wp-json\/wp\/v2\/posts\/8801\/revisions\/8803"}],"wp:featuredmedia":[{"embeddable":true,"href":"https:\/\/tvc16.com\/portal\/wp-json\/wp\/v2\/media\/8802"}],"wp:attachment":[{"href":"https:\/\/tvc16.com\/portal\/wp-json\/wp\/v2\/media?parent=8801"}],"wp:term":[{"taxonomy":"category","embeddable":true,"href":"https:\/\/tvc16.com\/portal\/wp-json\/wp\/v2\/categories?post=8801"},{"taxonomy":"post_tag","embeddable":true,"href":"https:\/\/tvc16.com\/portal\/wp-json\/wp\/v2\/tags?post=8801"}],"curies":[{"name":"wp","href":"https:\/\/api.w.org\/{rel}","templated":true}]}}