{"id":8804,"date":"2020-12-27T12:30:45","date_gmt":"2020-12-27T15:30:45","guid":{"rendered":"https:\/\/tvc16.com\/portal\/?p=8804"},"modified":"2020-12-27T12:30:47","modified_gmt":"2020-12-27T15:30:47","slug":"parceria-entre-butantan-e-fnp-quer-facilitar-compra-da-vacina-contra-covid-19","status":"publish","type":"post","link":"https:\/\/tvc16.com\/portal\/2020\/12\/27\/parceria-entre-butantan-e-fnp-quer-facilitar-compra-da-vacina-contra-covid-19\/","title":{"rendered":"Parceria entre Butantan e FNP quer facilitar compra da vacina contra covid-19"},"content":{"rendered":"\n<p>FNP abrange munic\u00edpios com mais de 80 mil habitantes, mas entidade garante que o objetivo \u00e9 que todos as cidades recebam doses da vacina<\/p>\n\n\n\n<p>Enquanto o Brasil aguarda a t\u00e3o sonhada vacina contra a covid-19, associa\u00e7\u00f5es representativas de munic\u00edpios tentam dar mais celeridade ao processo. Nessa ter\u00e7a-feira (22), a Frente Nacional de Prefeitos (FNP), que abrange cidades com mais de 80 mil habitantes, e o Instituto Butantan firmaram um Protocolo de Inten\u00e7\u00f5es para facilitar a negocia\u00e7\u00e3o de um acordo definitivo para a compra da vacina contra a doen\u00e7a.&nbsp;<\/p>\n\n\n\n<p>O acordo veio logo ap\u00f3s a entidade municipalista cobrar um posicionamento do governo federal em rela\u00e7\u00e3o a um plano de imuniza\u00e7\u00f5es contra o novo coronav\u00edrus. Na \u00faltima quarta-feira (16), o governo anunciou o <a href=\"https:\/\/www.gov.br\/saude\/pt-br\/media\/pdf\/2020\/dezembro\/16\/plano_vacinacao_versao_eletronica.pdf\" target=\"_blank\" rel=\"noreferrer noopener\">Plano Nacional de Operacionaliza\u00e7\u00e3o da Vacina\u00e7\u00e3o<\/a> contra a covid-19, que promete distribuir insumos e doses de vacina aos estados para que, a partir da\u00ed, os munic\u00edpios sejam respons\u00e1veis pela imuniza\u00e7\u00e3o dos habitantes.&nbsp;&nbsp;<\/p>\n\n\n\n<p>A iniciativa da FNP deve beneficiar todas as capitais brasileiras e outras 386 cidades com mais de 80 mil habitantes. Isso representa 61% dos habitantes e 75% do Produto Interno Bruto (PIB) do Pa\u00eds. A Frente refor\u00e7a que o acordo \u00e9 uma alternativa ao Plano Nacional e que o objetivo n\u00e3o \u00e9 competir com o programa anunciado pelo Minist\u00e9rio da Sa\u00fade, mas garantir \u00e0 popula\u00e7\u00e3o que a vacina chegue o quanto antes.&nbsp;<\/p>\n\n\n\n<p>\u201cA ideia \u00e9 que a vacina possa ser adquirida para todo o povo brasileiro. Claro, respeitando as etapas que j\u00e1 foram anunciadas, que s\u00e3o as pessoas que t\u00eam mais necessidade nesse momento, como idosos e profissionais de sa\u00fade\u201d, adianta o presidente da FNP, Jonas Donizette, que tamb\u00e9m prefeito de Campinas (SP).&nbsp;<\/p>\n\n\n\n<figure class=\"wp-block-image\"><img decoding=\"async\" src=\"\/\/s3-sa-east-1.amazonaws.com\/agencia-radio-arb\/3386\/content_grupos-prioritarios.png\" alt=\"\" title=\"Cria\u00e7\u00e3o: Erica Passos\"\/><\/figure>\n\n\n\n<p>Enquanto prefeito, Donizette indica que a maior preocupa\u00e7\u00e3o \u00e9 com quem esteve na linha de frente desde o in\u00edcio da pandemia. \u201cAl\u00e9m dos idosos, os profissionais de sa\u00fade me preocupam muito, porque eles est\u00e3o muito desgastados. Se esse foi ano dif\u00edcil para todos, imagine para quem trabalha na ponta, nos hospitais, cuidando de quem fica doente?\u201d<\/p>\n\n\n\n<p><strong><a href=\"https:\/\/brasil61.com\/noticias\/verao-2021-entenda-as-relacoes-do-calor-com-os-casos-de-covid-19-bras203116\" target=\"_blank\" rel=\"noreferrer noopener\">Ver\u00e3o 2021: entenda as rela\u00e7\u00f5es do calor com os casos de Covid-19<\/a><\/strong><\/p>\n\n\n\n<p><strong><a href=\"https:\/\/brasil61.com\/noticias\/senado-deve-votar-em-fevereiro-mp-que-autoriza-pais-a-ingressar-em-consorcios-de-vacinas-bras203110\" target=\"_blank\" rel=\"noreferrer noopener\">Senado deve votar em fevereiro MP que autoriza Pa\u00eds a ingressar em cons\u00f3rcios de vacinas<\/a><\/strong><\/p>\n\n\n\n<p><strong><a href=\"https:\/\/brasil61.com\/noticias\/primeiras-doses-da-vacina-astrazeneca-estarao-disponiveis-em-fevereiro-bras203122\" target=\"_blank\" rel=\"noreferrer noopener\">Primeiras doses da vacina AstraZeneca estar\u00e3o dispon\u00edveis em fevereiro<\/a><\/strong><\/p>\n\n\n\n<p>O diretor do Instituto Butantan, Dimas Covas, revelou que ser\u00e3o ofertados quatro milh\u00f5es de doses para esse grupo priorit\u00e1rio. \u201cO nosso compromisso \u00e9 com a vida das pessoas, sobretudo das mais vitimadas. E a\u00ed n\u00e3o h\u00e1 d\u00favida de que os profissionais de sa\u00fade est\u00e3o na frente de batalha dessa pandemia e precisam ser vacinados o mais rapidamente poss\u00edvel\u201d, garantiu.&nbsp;<\/p>\n\n\n\n<p>A previs\u00e3o de fornecimento da vacina \u00e9 para janeiro de 2021, segundo documento assinado pela FNP e Butantan. As duas institui\u00e7\u00f5es consideram que a vacina est\u00e1 em est\u00e1gio avan\u00e7ado de desenvolvimento e os ensaios cl\u00ednicos realizados pelo Instituto, no Brasil, mostram \u201cresultados promissores\u201d. Al\u00e9m disso, o texto menciona ainda \u201ca inten\u00e7\u00e3o primeira \u00e9 efetivamente prestigiar o Programa Nacional de Imuniza\u00e7\u00e3o e o pr\u00f3prio SUS\u201d e que \u201ca posse de uma vacina n\u00e3o s\u00f3 permitir\u00e1 melhorar substancialmente os cuidados de vida e sa\u00fade dos habitantes do Pa\u00eds, mas tamb\u00e9m possibilitar\u00e1 o pleno restabelecimento das atividades econ\u00f4micas e sociais.\u201d<\/p>\n\n\n\n<h2 class=\"wp-block-heading\">Plano B<\/h2>\n\n\n\n<p>Em dezembro, o Brasil alcan\u00e7ou a triste marca de mais de sete milh\u00f5es de infectados e quase 200 mil vidas ceifadas pela doen\u00e7a. Com a resist\u00eancia do governo federal em adquirir a vacina CoronaVac, desenvolvida em parceria com a farmac\u00eautica chinesa Sinovac, o Butantan mencionou uma alternativa para vacinar a popula\u00e7\u00e3o brasileira.&nbsp;<\/p>\n\n\n\n<p>\u201cQueremos que essa vacina seja ofertada a todos os brasileiros, mas depois de alguns problemas, estamos agora com um \u2018plano B\u2019 para ofert\u00e1-la diretamente aos estados e munic\u00edpios\u201d, destacou Dimas Covas.&nbsp;<\/p>\n\n\n\n<p>A CoronaVac come\u00e7ou a ser fabricada no Brasil no in\u00edcio de dezembro. O Butantan \u00e9 o principal produtor de imunobiol\u00f3gicos do Pa\u00eds, sendo respons\u00e1vel por grande porcentagem da produ\u00e7\u00e3o de soros hiperimunes e grande volume da produ\u00e7\u00e3o nacional de ant\u00edgenos vacinais, que comp\u00f5em as vacinas utilizadas no Programa Nacional de Imuniza\u00e7\u00f5es (PNI) do Minist\u00e9rio da Sa\u00fade.&nbsp;<\/p>\n\n\n\n<p>Fonte: <a href=\"https:\/\/brasil61.com\/noticias\/parceria-entre-butantan-e-fnp-quer-facilitar-compra-da-vacina-contra-covid-19-bras203134?email=bethdeoliveira@yahoo.com.br&amp;utm_source=newsletter&amp;utm_medium=newsletter&amp;utm_campaign=newsletter\" target=\"_blank\" rel=\"noreferrer noopener\">Brasil 61<\/a><\/p>\n","protected":false},"excerpt":{"rendered":"<p>FNP abrange munic\u00edpios com mais de 80 mil habitantes, mas entidade garante que o objetivo<\/p>\n","protected":false},"author":2,"featured_media":8805,"comment_status":"open","ping_status":"open","sticky":false,"template":"","format":"standard","meta":{"footnotes":""},"categories":[17],"tags":[],"class_list":["post-8804","post","type-post","status-publish","format-standard","has-post-thumbnail","hentry","category-outras-noticias"],"_links":{"self":[{"href":"https:\/\/tvc16.com\/portal\/wp-json\/wp\/v2\/posts\/8804","targetHints":{"allow":["GET"]}}],"collection":[{"href":"https:\/\/tvc16.com\/portal\/wp-json\/wp\/v2\/posts"}],"about":[{"href":"https:\/\/tvc16.com\/portal\/wp-json\/wp\/v2\/types\/post"}],"author":[{"embeddable":true,"href":"https:\/\/tvc16.com\/portal\/wp-json\/wp\/v2\/users\/2"}],"replies":[{"embeddable":true,"href":"https:\/\/tvc16.com\/portal\/wp-json\/wp\/v2\/comments?post=8804"}],"version-history":[{"count":1,"href":"https:\/\/tvc16.com\/portal\/wp-json\/wp\/v2\/posts\/8804\/revisions"}],"predecessor-version":[{"id":8806,"href":"https:\/\/tvc16.com\/portal\/wp-json\/wp\/v2\/posts\/8804\/revisions\/8806"}],"wp:featuredmedia":[{"embeddable":true,"href":"https:\/\/tvc16.com\/portal\/wp-json\/wp\/v2\/media\/8805"}],"wp:attachment":[{"href":"https:\/\/tvc16.com\/portal\/wp-json\/wp\/v2\/media?parent=8804"}],"wp:term":[{"taxonomy":"category","embeddable":true,"href":"https:\/\/tvc16.com\/portal\/wp-json\/wp\/v2\/categories?post=8804"},{"taxonomy":"post_tag","embeddable":true,"href":"https:\/\/tvc16.com\/portal\/wp-json\/wp\/v2\/tags?post=8804"}],"curies":[{"name":"wp","href":"https:\/\/api.w.org\/{rel}","templated":true}]}}