{"id":8807,"date":"2020-12-27T12:32:14","date_gmt":"2020-12-27T15:32:14","guid":{"rendered":"https:\/\/tvc16.com\/portal\/?p=8807"},"modified":"2020-12-27T12:32:17","modified_gmt":"2020-12-27T15:32:17","slug":"produtores-de-uvas-e-vinhos-devem-se-cadastrar-no-novo-sistema-do-mapa-ate-3-de-maio","status":"publish","type":"post","link":"https:\/\/tvc16.com\/portal\/2020\/12\/27\/produtores-de-uvas-e-vinhos-devem-se-cadastrar-no-novo-sistema-do-mapa-ate-3-de-maio\/","title":{"rendered":"Produtores de uvas e vinhos devem se cadastrar no novo sistema do MAPA, at\u00e9 3 de maio"},"content":{"rendered":"\n<p>O cadastro \u00e9 obrigat\u00f3rio para que o produtor possa comercializar uvas e vinhos de forma legal<\/p>\n\n\n\n<p>Produtores de uvas e vinhos devem se cadastrar no novo sistema do Minist\u00e9rio da Agricultura, Pecu\u00e1ria e Abastecimento. O prazo vai at\u00e9 3 de maio, mas n\u00e3o deixe para a \u00faltima hora. O <a href=\"http:\/\/sistemasweb.agricultura.gov.br\/pages\/SIVIBE.html\">Sistema de Informa\u00e7\u00e3o de Vinhos e Bebidas<\/a> (Sivibe) otimiza a fiscaliza\u00e7\u00e3o e o gerenciamento das declara\u00e7\u00f5es dos produtores.<\/p>\n\n\n\n<p>Pela plataforma, \u00e9 poss\u00edvel declarar \u00e1reas cultivadas, quantidade produzida na safra por variedade e destina\u00e7\u00e3o da produ\u00e7\u00e3o. Tamb\u00e9m permite que a fiscaliza\u00e7\u00e3o agropecu\u00e1ria comprove e analise esses dados, para controle da produ\u00e7\u00e3o vin\u00edcola do Pa\u00eds.<\/p>\n\n\n\n<p><strong><a href=\"https:\/\/brasil61.com\/noticias\/especialista-da-embrapa-lista-medidas-de-seguranca-para-produtores-leiteiros-durante-pandemia-bras200284\">Especialista da Embrapa lista medidas de seguran\u00e7a para produtores leiteiros durante pandemia<\/a><\/strong><\/p>\n\n\n\n<p><strong><a href=\"https:\/\/brasil61.com\/noticias\/apos-alta-no-mes-anterior-exportacoes-paranaenses-caem-em-outubro-pind202332\">Ap\u00f3s alta no m\u00eas anterior, exporta\u00e7\u00f5es paranaenses caem em outubro<\/a><\/strong><\/p>\n\n\n\n<p>Para se cadastrar, basta acessar o m\u00f3dulo vit\u00edcola e informar os dados. O cadastro \u00e9 obrigat\u00f3rio para todo produtor de uvas e vinhos do territ\u00f3rio brasileiro e as informa\u00e7\u00f5es sobre a produ\u00e7\u00e3o devem ser declaradas anualmente. Somente assim, os produtores poder\u00e3o comercializar uvas e vinhos de forma legal.<\/p>\n\n\n\n<p>Fonte: <a href=\"https:\/\/brasil61.com\/noticias\/produtores-de-uvas-e-vinhos-devem-se-cadastrar-no-novo-sistema-do-mapa-ate-3-de-maio-bras203119?email=bethdeoliveira@yahoo.com.br&amp;utm_source=newsletter&amp;utm_medium=newsletter&amp;utm_campaign=newsletter\" target=\"_blank\" rel=\"noreferrer noopener\">Brasil 61<\/a><\/p>\n","protected":false},"excerpt":{"rendered":"<p>O cadastro \u00e9 obrigat\u00f3rio para que o produtor possa comercializar uvas e vinhos de forma<\/p>\n","protected":false},"author":2,"featured_media":8808,"comment_status":"open","ping_status":"open","sticky":false,"template":"","format":"standard","meta":{"footnotes":""},"categories":[17],"tags":[],"class_list":["post-8807","post","type-post","status-publish","format-standard","has-post-thumbnail","hentry","category-outras-noticias"],"_links":{"self":[{"href":"https:\/\/tvc16.com\/portal\/wp-json\/wp\/v2\/posts\/8807","targetHints":{"allow":["GET"]}}],"collection":[{"href":"https:\/\/tvc16.com\/portal\/wp-json\/wp\/v2\/posts"}],"about":[{"href":"https:\/\/tvc16.com\/portal\/wp-json\/wp\/v2\/types\/post"}],"author":[{"embeddable":true,"href":"https:\/\/tvc16.com\/portal\/wp-json\/wp\/v2\/users\/2"}],"replies":[{"embeddable":true,"href":"https:\/\/tvc16.com\/portal\/wp-json\/wp\/v2\/comments?post=8807"}],"version-history":[{"count":1,"href":"https:\/\/tvc16.com\/portal\/wp-json\/wp\/v2\/posts\/8807\/revisions"}],"predecessor-version":[{"id":8809,"href":"https:\/\/tvc16.com\/portal\/wp-json\/wp\/v2\/posts\/8807\/revisions\/8809"}],"wp:featuredmedia":[{"embeddable":true,"href":"https:\/\/tvc16.com\/portal\/wp-json\/wp\/v2\/media\/8808"}],"wp:attachment":[{"href":"https:\/\/tvc16.com\/portal\/wp-json\/wp\/v2\/media?parent=8807"}],"wp:term":[{"taxonomy":"category","embeddable":true,"href":"https:\/\/tvc16.com\/portal\/wp-json\/wp\/v2\/categories?post=8807"},{"taxonomy":"post_tag","embeddable":true,"href":"https:\/\/tvc16.com\/portal\/wp-json\/wp\/v2\/tags?post=8807"}],"curies":[{"name":"wp","href":"https:\/\/api.w.org\/{rel}","templated":true}]}}