{"id":8810,"date":"2020-12-27T12:34:26","date_gmt":"2020-12-27T15:34:26","guid":{"rendered":"https:\/\/tvc16.com\/portal\/?p=8810"},"modified":"2020-12-27T12:34:29","modified_gmt":"2020-12-27T15:34:29","slug":"estados-vao-receber-incentivo-financeiro-para-combate-ao-cancer","status":"publish","type":"post","link":"https:\/\/tvc16.com\/portal\/2020\/12\/27\/estados-vao-receber-incentivo-financeiro-para-combate-ao-cancer\/","title":{"rendered":"Estados v\u00e3o receber incentivo financeiro para combate ao c\u00e2ncer"},"content":{"rendered":"\n<p>Ao todo ser\u00e3o investidos 150 milh\u00f5es de reais em a\u00e7\u00f5es de preven\u00e7\u00e3o, detec\u00e7\u00e3o precoce e controle de c\u00e2ncer, no SUS<\/p>\n\n\n\n<p>Estados v\u00e3o receber incentivo financeiro para combate ao c\u00e2ncer. A medida foi publicada no <a href=\"https:\/\/www.in.gov.br\/en\/web\/dou\/-\/portaria-gm\/ms-n-3.712-de-22-de-dezembro-de-2020-295788198\">Di\u00e1rio Oficial da Uni\u00e3o<\/a> de 23 de dezembro. Ao todo ser\u00e3o investidos 150 milh\u00f5es de reais em a\u00e7\u00f5es de preven\u00e7\u00e3o, detec\u00e7\u00e3o precoce e controle de c\u00e2ncer, no Sistema \u00danico de Sa\u00fade, durante a pandemia do novo coronav\u00edrus. O objetivo da pasta \u00e9 reorganizar a rede de aten\u00e7\u00e3o e seus fluxos assistenciais, para melhorar o rastreamento e diagn\u00f3stico precoce do c\u00e2ncer de mama e de colo de \u00fatero.<\/p>\n\n\n\n<p>Os valores destinados aos estados v\u00e3o variar de acordo com crit\u00e9rios do Minist\u00e9rio da Sa\u00fade, como desempenho da rede de atendimento na realiza\u00e7\u00e3o de procedimentos de diagn\u00f3stico; par\u00e2metros t\u00e9cnicos do Instituto Nacional do C\u00e2ncer e taxa de execu\u00e7\u00e3o de a\u00e7\u00f5es de rastreamento e detec\u00e7\u00e3o precoce do c\u00e2ncer de mama e de colo de \u00fatero, em 2019.&nbsp;<\/p>\n\n\n\n<p><strong><a href=\"https:\/\/brasil61.com\/noticias\/pesquisa-afirma-que-obesidade-pode-agravar-quadro-de-cancer-de-mama-bras202892\">Pesquisa afirma que obesidade pode agravar quadro de c\u00e2ncer de mama<\/a><\/strong><\/p>\n\n\n\n<p><strong><a href=\"https:\/\/brasil61.com\/noticias\/cancer-de-prostata-e-a-segunda-causa-de-morte-por-cancer-em-homens-no-brasil-pran197934\">C\u00e2ncer de pr\u00f3stata \u00e9 a segunda causa de morte por c\u00e2ncer em homens no Brasil<\/a><\/strong><\/p>\n\n\n\n<p><strong><a href=\"https:\/\/brasil61.com\/noticias\/ministerio-da-saude-vai-liberar-recursos-para-combater-obesidade-diabetes-e-hipertensao-na-pandemia-bras202467\">Minist\u00e9rio da Sa\u00fade vai liberar recursos para combater obesidade, diabetes e hipertens\u00e3o na pandemia<\/a><\/strong><\/p>\n\n\n\n<p>Os estados que atingirem desempenho na faixa at\u00e9 25% v\u00e3o receber R$ 7,5 milh\u00f5es; os que atingirem entre 26 e 50% v\u00e3o receber R$ 22,5 milh\u00f5es; os que alcan\u00e7arem a faixa entre 51 e 75%, v\u00e3o ficar com R$ 45 milh\u00f5es, e por fim, os estados que atingirem mais de 76% de desempenho v\u00e3o receber R$ 75 milh\u00f5es de reais.<\/p>\n\n\n\n<p>Fonte: <a href=\"https:\/\/brasil61.com\/noticias\/estados-vao-receber-incentivo-financeiro-para-combate-ao-cancer-bras203153?email=bethdeoliveira@yahoo.com.br&amp;utm_source=newsletter&amp;utm_medium=newsletter&amp;utm_campaign=newsletter\" target=\"_blank\" rel=\"noreferrer noopener\">Brasil 61<\/a><\/p>\n","protected":false},"excerpt":{"rendered":"<p>Ao todo ser\u00e3o investidos 150 milh\u00f5es de reais em a\u00e7\u00f5es de preven\u00e7\u00e3o, detec\u00e7\u00e3o precoce e<\/p>\n","protected":false},"author":2,"featured_media":8811,"comment_status":"open","ping_status":"open","sticky":false,"template":"","format":"standard","meta":{"footnotes":""},"categories":[17],"tags":[],"class_list":["post-8810","post","type-post","status-publish","format-standard","has-post-thumbnail","hentry","category-outras-noticias"],"_links":{"self":[{"href":"https:\/\/tvc16.com\/portal\/wp-json\/wp\/v2\/posts\/8810","targetHints":{"allow":["GET"]}}],"collection":[{"href":"https:\/\/tvc16.com\/portal\/wp-json\/wp\/v2\/posts"}],"about":[{"href":"https:\/\/tvc16.com\/portal\/wp-json\/wp\/v2\/types\/post"}],"author":[{"embeddable":true,"href":"https:\/\/tvc16.com\/portal\/wp-json\/wp\/v2\/users\/2"}],"replies":[{"embeddable":true,"href":"https:\/\/tvc16.com\/portal\/wp-json\/wp\/v2\/comments?post=8810"}],"version-history":[{"count":1,"href":"https:\/\/tvc16.com\/portal\/wp-json\/wp\/v2\/posts\/8810\/revisions"}],"predecessor-version":[{"id":8812,"href":"https:\/\/tvc16.com\/portal\/wp-json\/wp\/v2\/posts\/8810\/revisions\/8812"}],"wp:featuredmedia":[{"embeddable":true,"href":"https:\/\/tvc16.com\/portal\/wp-json\/wp\/v2\/media\/8811"}],"wp:attachment":[{"href":"https:\/\/tvc16.com\/portal\/wp-json\/wp\/v2\/media?parent=8810"}],"wp:term":[{"taxonomy":"category","embeddable":true,"href":"https:\/\/tvc16.com\/portal\/wp-json\/wp\/v2\/categories?post=8810"},{"taxonomy":"post_tag","embeddable":true,"href":"https:\/\/tvc16.com\/portal\/wp-json\/wp\/v2\/tags?post=8810"}],"curies":[{"name":"wp","href":"https:\/\/api.w.org\/{rel}","templated":true}]}}