{"id":8813,"date":"2020-12-27T12:56:17","date_gmt":"2020-12-27T15:56:17","guid":{"rendered":"https:\/\/tvc16.com\/portal\/?p=8813"},"modified":"2020-12-27T12:58:08","modified_gmt":"2020-12-27T15:58:08","slug":"hoje-e-dia-chegada-do-celular-no-brasil-completa-30-anos","status":"publish","type":"post","link":"https:\/\/tvc16.com\/portal\/2020\/12\/27\/hoje-e-dia-chegada-do-celular-no-brasil-completa-30-anos\/","title":{"rendered":"Hoje \u00e9 dia: chegada do celular no Brasil completa 30 anos"},"content":{"rendered":"\n<p>O que era aquele aparelho grande colado ao ouvido e \u00e0 boca das pessoas?&nbsp;H\u00e1 30 anos, os primeiros&nbsp;700 equipamentos seriam habilitados no Brasil para uma das mais revolucion\u00e1rias&nbsp;mudan\u00e7as no ramo das telecomunica\u00e7\u00f5es, o telefone celular. A primeira chamada, no Rio de Janeiro, em 30 de dezembro de 1990, era s\u00f3 a liga\u00e7\u00e3o pioneira para as infinitas interconex\u00f5es que essa evolu\u00e7\u00e3o tecnol\u00f3gica provocaria. O&nbsp;mundo nunca mais seria o mesmo. Hoje, no Brasil, tem&nbsp;<a rel=\"noreferrer noopener\" href=\"https:\/\/agenciabrasil.ebc.com.br\/economia\/noticia\/2018-07\/brasil-perdeu-67-milhoes-de-linhas-de-celular-em-um-ano\" target=\"_blank\">mais celular do que gente<\/a>. Os benef\u00edcios e os preju\u00edzos do equipamento s\u00e3o temas de reportagens nos diferentes ve\u00edculos da&nbsp;<strong>Empresa Brasil de Comunica\u00e7\u00e3o<\/strong>. Fazer liga\u00e7\u00e3o virou s\u00f3 um detalhe.<img decoding=\"async\" src=\"https:\/\/agenciabrasil.ebc.com.br\/ebc.png?id=1391722&amp;o=node\"><img decoding=\"async\" src=\"https:\/\/agenciabrasil.ebc.com.br\/ebc.gif?id=1391722&amp;o=node\"><\/p>\n\n\n\n<p>O equipamento \u00e9 a principal forma de os brasileiros entrarem na internet,\u00a0<a rel=\"noreferrer noopener\" href=\"https:\/\/agenciabrasil.ebc.com.br\/economia\/noticia\/2020-04\/celular-e-o-principal-meio-de-acesso-internet-no-pais\" target=\"_blank\">como mostra reportagem da\u00a0<strong>Ag\u00eancia Brasil<\/strong><\/a>. At\u00e9 2019, tr\u00eas em cada quatro brasileiros tinham acesso \u00e0 internet e a telinha menor era a\u00a0respons\u00e1vel pela maior parte dos acessos. Mais do que isso: para a maior parte das pessoas (59%) o acesso \u00e0 rede ocorria\u00a0exclusivamente pelo telefone. Al\u00e9m de ser uma ferramenta de informa\u00e7\u00e3o e entretenimento, o celular traz possibilidades de inclus\u00e3o, com os aplicativos.<\/p>\n\n\n\n<p>O&nbsp;uso do celular, entretanto, pode se transformar em um&nbsp;<a href=\"https:\/\/tvbrasil.ebc.com.br\/reporter-df\/2018\/07\/brasilienses-insistem-em-dirigir-usando-celular\" target=\"_blank\" rel=\"noreferrer noopener\">perigo no tr\u00e2nsito<\/a>, gerar&nbsp;<a href=\"https:\/\/www.youtube.com\/watch?v=bTDATTMX7Gk\" target=\"_blank\" rel=\"noreferrer noopener\">problemas de postura<\/a>, alterar a&nbsp;<a href=\"https:\/\/www.youtube.com\/watch?v=fdilyQ8BBLA\" target=\"_blank\" rel=\"noreferrer noopener\">qualidade do sono<\/a>&nbsp;e criar&nbsp;<a href=\"https:\/\/www.youtube.com\/watch?v=GK2OTSm8E2g\" target=\"_blank\" rel=\"noreferrer noopener\">depend\u00eancia em diferentes p\u00fablicos<\/a>, al\u00e9m de, em alguns casos, ser&nbsp;prejudicial em&nbsp;ambientes escolares.<\/p>\n\n\n\n<h2 class=\"wp-block-heading\">Confira reportagem abaixo da TV Brasil<\/h2>\n\n\n\n<figure class=\"wp-block-embed is-type-rich is-provider-incorporar-manipulador wp-block-embed-incorporar-manipulador wp-embed-aspect-4-3 wp-has-aspect-ratio\"><div class=\"wp-block-embed__wrapper\">\n<iframe loading=\"lazy\" title=\"Rep\u00f3rter Brasil (manh\u00e3) - Uso de celular em alguns locais \u00e9 questionado\" width=\"640\" height=\"480\" src=\"https:\/\/www.youtube.com\/embed\/Et97Z5ybWY0?feature=oembed\" frameborder=\"0\" allow=\"accelerometer; autoplay; clipboard-write; encrypted-media; gyroscope; picture-in-picture; web-share\" referrerpolicy=\"strict-origin-when-cross-origin\" allowfullscreen><\/iframe>\n<\/div><\/figure>\n\n\n\n<p>O medo de ficar sem celular tem at\u00e9 nome: nomofobia.&nbsp;<a href=\"https:\/\/radios.ebc.com.br\/tarde-nacional\/2019\/09\/sabe-o-que-e-nomofobia\" target=\"_blank\" rel=\"noreferrer noopener\">Ou\u00e7a reportagem da R\u00e1dio Nacional<\/a>&nbsp;em que especialistas explicam esse transtorno.<\/p>\n\n\n\n<p>At\u00e9 o Papa Francisco j\u00e1 falou sobre esse assunto. O pux\u00e3o de orelha:&nbsp;<a rel=\"noreferrer noopener\" href=\"https:\/\/agenciabrasil.ebc.com.br\/internacional\/noticia\/2019-12\/papa-pede-que-familias-recolham-celulares-e-conversem-nas-refeicoes\" target=\"_blank\">as fam\u00edlias devem guardar o celular<\/a>&nbsp;quando estiverem fazendo refei\u00e7\u00f5es. Celular \u00e9 importante, mas nada substitui uma boa conversa olho&nbsp;no&nbsp;olho.<\/p>\n\n\n\n<p>Por Luiz Cl\u00e1udio Ferreira &#8211; Rep\u00f3rter da Ag\u00eancia Brasil &#8211; Bras\u00edlia<\/p>\n\n\n\n<p>Edi\u00e7\u00e3o: Edgard Matsuki<\/p>\n","protected":false},"excerpt":{"rendered":"<p>O que era aquele aparelho grande colado ao ouvido e \u00e0 boca das pessoas?&nbsp;H\u00e1 30<\/p>\n","protected":false},"author":2,"featured_media":8815,"comment_status":"open","ping_status":"open","sticky":false,"template":"","format":"standard","meta":{"footnotes":""},"categories":[17],"tags":[],"class_list":["post-8813","post","type-post","status-publish","format-standard","has-post-thumbnail","hentry","category-outras-noticias"],"_links":{"self":[{"href":"https:\/\/tvc16.com\/portal\/wp-json\/wp\/v2\/posts\/8813","targetHints":{"allow":["GET"]}}],"collection":[{"href":"https:\/\/tvc16.com\/portal\/wp-json\/wp\/v2\/posts"}],"about":[{"href":"https:\/\/tvc16.com\/portal\/wp-json\/wp\/v2\/types\/post"}],"author":[{"embeddable":true,"href":"https:\/\/tvc16.com\/portal\/wp-json\/wp\/v2\/users\/2"}],"replies":[{"embeddable":true,"href":"https:\/\/tvc16.com\/portal\/wp-json\/wp\/v2\/comments?post=8813"}],"version-history":[{"count":2,"href":"https:\/\/tvc16.com\/portal\/wp-json\/wp\/v2\/posts\/8813\/revisions"}],"predecessor-version":[{"id":8817,"href":"https:\/\/tvc16.com\/portal\/wp-json\/wp\/v2\/posts\/8813\/revisions\/8817"}],"wp:featuredmedia":[{"embeddable":true,"href":"https:\/\/tvc16.com\/portal\/wp-json\/wp\/v2\/media\/8815"}],"wp:attachment":[{"href":"https:\/\/tvc16.com\/portal\/wp-json\/wp\/v2\/media?parent=8813"}],"wp:term":[{"taxonomy":"category","embeddable":true,"href":"https:\/\/tvc16.com\/portal\/wp-json\/wp\/v2\/categories?post=8813"},{"taxonomy":"post_tag","embeddable":true,"href":"https:\/\/tvc16.com\/portal\/wp-json\/wp\/v2\/tags?post=8813"}],"curies":[{"name":"wp","href":"https:\/\/api.w.org\/{rel}","templated":true}]}}