{"id":882,"date":"2020-09-22T12:15:36","date_gmt":"2020-09-22T12:15:36","guid":{"rendered":"https:\/\/tvc16.com\/portal\/?p=882"},"modified":"2020-09-22T12:32:22","modified_gmt":"2020-09-22T12:32:22","slug":"ceu-nublado-marca-inicio-da-primavera-em-petropolis","status":"publish","type":"post","link":"https:\/\/tvc16.com\/portal\/2020\/09\/22\/ceu-nublado-marca-inicio-da-primavera-em-petropolis\/","title":{"rendered":"C\u00e9u nublado marca in\u00edcio da primavera em Petr\u00f3polis"},"content":{"rendered":"\n<p>Come\u00e7a oficialmente nesta ter\u00e7a-feira (22), a primavera. Hoje, em Petr\u00f3polis, a temperatura prevista ficar\u00e1 entre m\u00ednima de 12\u00baC e m\u00e1xima de 17\u00baC. H\u00e1 ainda possibilidade de chuva forte ao longo de todo dia, segundo dados do Instituto Nacional de Metereologia (Inmet). A esta\u00e7\u00e3o tem in\u00edcio precisamente \u00e0s 10h31, hor\u00e1rio de Bras\u00edlia, e vai at\u00e9 \u00e0s 7h02 do dia 21 de dezembro, quando come\u00e7ar\u00e1 o ver\u00e3o.<\/p>\n\n\n\n<figure class=\"wp-block-image size-large\"><img loading=\"lazy\" decoding=\"async\" width=\"684\" height=\"682\" src=\"https:\/\/tvc16.com\/portal\/wp-content\/uploads\/2020\/09\/WhatsApp-Image-2020-09-22-at-09.30.09.jpeg\" alt=\"\" class=\"wp-image-888\" srcset=\"https:\/\/tvc16.com\/portal\/wp-content\/uploads\/2020\/09\/WhatsApp-Image-2020-09-22-at-09.30.09.jpeg 684w, https:\/\/tvc16.com\/portal\/wp-content\/uploads\/2020\/09\/WhatsApp-Image-2020-09-22-at-09.30.09-300x300.jpeg 300w, https:\/\/tvc16.com\/portal\/wp-content\/uploads\/2020\/09\/WhatsApp-Image-2020-09-22-at-09.30.09-150x150.jpeg 150w\" sizes=\"auto, (max-width: 684px) 100vw, 684px\" \/><\/figure>\n\n\n\n<p>Segundo o Inmet, na quarta-feira (23), a sensa\u00e7\u00e3o de frio ficar\u00e1 ainda maior, com temperatura m\u00ednima de 9\u00baC e m\u00e1xima de 17\u00baC, chuva e c\u00e9u nublado. Durante esta primavera, a previs\u00e3o \u00e9 de que ocorram converg\u00eancias de ventos, for\u00e7ando maior concentra\u00e7\u00e3o de umidade sobre os estados de Minas Gerais, Rio de Janeiro e Esp\u00edrito Santo, facilitando a ocorr\u00eancia de chuva. Em outubro, a chuva privilegia S\u00e3o Paulo, mas em novembro e em dezembro, a chuva ser\u00e1 mais frequente e volumosa sobre Minas Gerais, Rio de Janeiro e Esp\u00edrito Santo.<\/p>\n","protected":false},"excerpt":{"rendered":"<p>Come\u00e7a oficialmente nesta ter\u00e7a-feira (22), a primavera. Hoje, em Petr\u00f3polis, a temperatura prevista ficar\u00e1 entre<\/p>\n","protected":false},"author":2,"featured_media":883,"comment_status":"open","ping_status":"open","sticky":false,"template":"","format":"standard","meta":{"footnotes":""},"categories":[12],"tags":[],"class_list":["post-882","post","type-post","status-publish","format-standard","has-post-thumbnail","hentry","category-cidade"],"_links":{"self":[{"href":"https:\/\/tvc16.com\/portal\/wp-json\/wp\/v2\/posts\/882","targetHints":{"allow":["GET"]}}],"collection":[{"href":"https:\/\/tvc16.com\/portal\/wp-json\/wp\/v2\/posts"}],"about":[{"href":"https:\/\/tvc16.com\/portal\/wp-json\/wp\/v2\/types\/post"}],"author":[{"embeddable":true,"href":"https:\/\/tvc16.com\/portal\/wp-json\/wp\/v2\/users\/2"}],"replies":[{"embeddable":true,"href":"https:\/\/tvc16.com\/portal\/wp-json\/wp\/v2\/comments?post=882"}],"version-history":[{"count":2,"href":"https:\/\/tvc16.com\/portal\/wp-json\/wp\/v2\/posts\/882\/revisions"}],"predecessor-version":[{"id":889,"href":"https:\/\/tvc16.com\/portal\/wp-json\/wp\/v2\/posts\/882\/revisions\/889"}],"wp:featuredmedia":[{"embeddable":true,"href":"https:\/\/tvc16.com\/portal\/wp-json\/wp\/v2\/media\/883"}],"wp:attachment":[{"href":"https:\/\/tvc16.com\/portal\/wp-json\/wp\/v2\/media?parent=882"}],"wp:term":[{"taxonomy":"category","embeddable":true,"href":"https:\/\/tvc16.com\/portal\/wp-json\/wp\/v2\/categories?post=882"},{"taxonomy":"post_tag","embeddable":true,"href":"https:\/\/tvc16.com\/portal\/wp-json\/wp\/v2\/tags?post=882"}],"curies":[{"name":"wp","href":"https:\/\/api.w.org\/{rel}","templated":true}]}}