{"id":8821,"date":"2020-12-27T19:22:49","date_gmt":"2020-12-27T22:22:49","guid":{"rendered":"https:\/\/tvc16.com\/portal\/?p=8821"},"modified":"2020-12-27T19:26:24","modified_gmt":"2020-12-27T22:26:24","slug":"conheca-o-manneken-pis-estatua-simbolo-de-bruxelas","status":"publish","type":"post","link":"https:\/\/tvc16.com\/portal\/2020\/12\/27\/conheca-o-manneken-pis-estatua-simbolo-de-bruxelas\/","title":{"rendered":"Conhe\u00e7a o Manneken Pis, est\u00e1tua s\u00edmbolo de Bruxelas"},"content":{"rendered":"\n<p>Por Sandra Brito (Professora e escritora)<\/p>\n\n\n\n<p>O Manneken Pis \u00e9 um monumento localizado no Centro de Bruxelas, na B\u00e9lgica. Trata-se de uma pequena fonte em bronze, que retrata um menino urinando em uma pia. Normalmente quem v\u00ea a imagem como s\u00edmbolo da cidade, imagina logo uma est\u00e1tua grandiosa \u2013 tanto no tamanho quanto \u00e9 na fama \u2013 mas decepciona-se ao saber que a figura mede apenas 61 cent\u00edmetros.<\/p>\n\n\n\n<figure class=\"wp-block-image size-large\"><img loading=\"lazy\" decoding=\"async\" width=\"722\" height=\"960\" src=\"https:\/\/tvc16.com\/portal\/wp-content\/uploads\/2020\/12\/FOTO1.jpg\" alt=\"\" class=\"wp-image-8822\" srcset=\"https:\/\/tvc16.com\/portal\/wp-content\/uploads\/2020\/12\/FOTO1.jpg 722w, https:\/\/tvc16.com\/portal\/wp-content\/uploads\/2020\/12\/FOTO1-226x300.jpg 226w\" sizes=\"auto, (max-width: 722px) 100vw, 722px\" \/><\/figure>\n\n\n\n<p>A inspira\u00e7\u00e3o para a cria\u00e7\u00e3o da est\u00e1tua remonta ao fim do s\u00e9culo XII, quando o filho de um duque teria sido encontrado urinando contra uma \u00e1rvore no meio de uma batalha e teria, por isso, transformado-se em s\u00edmbolo da coragem militar do pa\u00eds.<br>Criado em 1388, o Manneken Pis \u00e9 um dos s\u00edmbolos mais representativos e queridos de Bruxelas. A imagem est\u00e1 localizada na parte antiga da capital belga, entre as ruas L\u2019Etuve e Chene, perto da Grand Place.<\/p>\n\n\n\n<figure class=\"wp-block-image size-large\"><img loading=\"lazy\" decoding=\"async\" width=\"960\" height=\"722\" src=\"https:\/\/tvc16.com\/portal\/wp-content\/uploads\/2020\/12\/FOTO2.jpg\" alt=\"\" class=\"wp-image-8823\" srcset=\"https:\/\/tvc16.com\/portal\/wp-content\/uploads\/2020\/12\/FOTO2.jpg 960w, https:\/\/tvc16.com\/portal\/wp-content\/uploads\/2020\/12\/FOTO2-300x226.jpg 300w, https:\/\/tvc16.com\/portal\/wp-content\/uploads\/2020\/12\/FOTO2-768x578.jpg 768w, https:\/\/tvc16.com\/portal\/wp-content\/uploads\/2020\/12\/FOTO2-200x150.jpg 200w\" sizes=\"auto, (max-width: 960px) 100vw, 960px\" \/><\/figure>\n\n\n\n<p>A primeira men\u00e7\u00e3o ao Manneken Pis que se tem not\u00edcia pode ser encontrada em um texto administrativo de 1451, que aborda a quest\u00e3o do fornecimento de \u00e1gua para as fontes de Bruxelas. A fonte sempre ocupou um lugar de destaque para o fornecimento de \u00e1gua pot\u00e1vel aos moradores da cidade. As \u00fanicas representa\u00e7\u00f5es dessa primeira est\u00e1tua podem ser encontradas em uma pintura de Denis Van Alsloot, que demonstra uma prociss\u00e3o em Bruxelas no ano de 1615, na qual a est\u00e1tua se destaca entre a paisagem. Em 1619, a primeira est\u00e1tua foi substitu\u00edda por uma nova vers\u00e3o em bronze.<br>No decorrer dos s\u00e9culos, a est\u00e1tua passou por muitos ataques. No entanto, ela permaneceu intacta ao bombardeio do ex\u00e9rcito franc\u00eas a Bruxelas no ano de 1695, embora o fornecimento de \u00e1gua da fonte tivesse sido afetado e interrompido durante algum tempo. A resist\u00eancia da est\u00e1tua ao ataque fomentou, ainda mais, o car\u00e1ter simb\u00f3lico da coragem e da resili\u00eancia do povo belga.<\/p>\n\n\n\n<figure class=\"wp-block-image size-large\"><img loading=\"lazy\" decoding=\"async\" width=\"720\" height=\"957\" src=\"https:\/\/tvc16.com\/portal\/wp-content\/uploads\/2020\/12\/FOTO3.jpeg\" alt=\"\" class=\"wp-image-8824\" srcset=\"https:\/\/tvc16.com\/portal\/wp-content\/uploads\/2020\/12\/FOTO3.jpeg 720w, https:\/\/tvc16.com\/portal\/wp-content\/uploads\/2020\/12\/FOTO3-226x300.jpeg 226w\" sizes=\"auto, (max-width: 720px) 100vw, 720px\" \/><\/figure>\n\n\n\n<p>Ap\u00f3s o conserto do encanamento da fonte, a est\u00e1tua foi recolocada em sua posi\u00e7\u00e3o de origem com a seguinte passagem b\u00edblica: In petra exaltavit me, et nunc exaltavi caput meum super inimicos meos (&#8220;O Senhor me colocou sobre uma base de pedra, e agora eu levanto minha cabe\u00e7a sobre meus inimigos&#8221;).<br>Algumas mudan\u00e7as foram feitas ao redor da est\u00e1tua, ao longo dos anos. A coluna, a bacia retangular, o jardim de pedra e a estrutura protegida por cercas, s\u00e3o alguns exemplos. V\u00e1rias foram as tentativas de roubo da imagem, seja pelo valor do bronze, seja pela ideia de sorte e for\u00e7a que ela transmitia.<\/p>\n\n\n\n<figure class=\"wp-block-image size-large\"><img loading=\"lazy\" decoding=\"async\" width=\"922\" height=\"720\" src=\"https:\/\/tvc16.com\/portal\/wp-content\/uploads\/2020\/12\/FOTO4.jpeg\" alt=\"\" class=\"wp-image-8825\" srcset=\"https:\/\/tvc16.com\/portal\/wp-content\/uploads\/2020\/12\/FOTO4.jpeg 922w, https:\/\/tvc16.com\/portal\/wp-content\/uploads\/2020\/12\/FOTO4-300x234.jpeg 300w, https:\/\/tvc16.com\/portal\/wp-content\/uploads\/2020\/12\/FOTO4-768x600.jpeg 768w\" sizes=\"auto, (max-width: 922px) 100vw, 922px\" \/><\/figure>\n\n\n\n<p>Em 1747, ocorre um fato no m\u00ednimo curioso. O ex\u00e9rcito franc\u00eas tenta novamente tomar a est\u00e1tua para si. Na \u00e9poca, a popula\u00e7\u00e3o ficou t\u00e3o revoltada que obrigou o Rei Lu\u00eds XV a se retratar. A solu\u00e7\u00e3o encontrada foi mandar fazer uma roupa para o menino, bordada a ouro, como forma de amenizar os danos e reaver a paz entre os dois povos. O rei tamb\u00e9m permitiu que a est\u00e1tua portasse uma espada, e a decorou com a cruz da Ordem de S\u00e3o Lu\u00eds. Desde ent\u00e3o, a est\u00e1tua passou a receber roupas em diferentes momentos e por in\u00fameras raz\u00f5es, principalmente relacionadas \u00e0s datas festivas do pa\u00eds. Hoje, o Manneken Pis possui mais de 650 trajes.<\/p>\n\n\n\n<figure class=\"wp-block-image size-large\"><img loading=\"lazy\" decoding=\"async\" width=\"1024\" height=\"680\" src=\"https:\/\/tvc16.com\/portal\/wp-content\/uploads\/2020\/12\/FOTO5-1024x680.jpg\" alt=\"\" class=\"wp-image-8826\" srcset=\"https:\/\/tvc16.com\/portal\/wp-content\/uploads\/2020\/12\/FOTO5-1024x680.jpg 1024w, https:\/\/tvc16.com\/portal\/wp-content\/uploads\/2020\/12\/FOTO5-300x199.jpg 300w, https:\/\/tvc16.com\/portal\/wp-content\/uploads\/2020\/12\/FOTO5-768x510.jpg 768w, https:\/\/tvc16.com\/portal\/wp-content\/uploads\/2020\/12\/FOTO5-1536x1020.jpg 1536w, https:\/\/tvc16.com\/portal\/wp-content\/uploads\/2020\/12\/FOTO5-2048x1360.jpg 2048w\" sizes=\"auto, (max-width: 1024px) 100vw, 1024px\" \/><figcaption>Small sculpture in Brussels named maneken pis<\/figcaption><\/figure>\n\n\n\n<p>Em 1817, um ladr\u00e3o chamado Antoine Licas furtou a est\u00e1tua e a despeda\u00e7ou em onze partes. Como puni\u00e7\u00e3o pelo ato, o ladr\u00e3o foi preso e condenado a trabalho for\u00e7ado pelo resto da vida. A est\u00e1tua foi restaurada a partir dos peda\u00e7\u00f5es recolhidos e coberta por nova camada de bronze. Ap\u00f3s muitos outros furtos, a est\u00e1tua passou a ser conservada no segundo andar do Museu da Cidade de Bruxelas, na Grand Place. No seu antigo lugar, foi instalada uma r\u00e9plica, exatamente a que vemos hoje, como um dos maiores pontos tur\u00edsticos da B\u00e9lgica.<\/p>\n\n\n\n<figure class=\"wp-block-image size-large\"><img loading=\"lazy\" decoding=\"async\" width=\"554\" height=\"554\" src=\"https:\/\/tvc16.com\/portal\/wp-content\/uploads\/2020\/12\/images-2-9.jpeg\" alt=\"\" class=\"wp-image-8831\" srcset=\"https:\/\/tvc16.com\/portal\/wp-content\/uploads\/2020\/12\/images-2-9.jpeg 554w, https:\/\/tvc16.com\/portal\/wp-content\/uploads\/2020\/12\/images-2-9-300x300.jpeg 300w, https:\/\/tvc16.com\/portal\/wp-content\/uploads\/2020\/12\/images-2-9-150x150.jpeg 150w\" sizes=\"auto, (max-width: 554px) 100vw, 554px\" \/><\/figure>\n\n\n\n<p>O mais importante de tudo isso \u00e9 entender a hist\u00f3ria que motivou a cria\u00e7\u00e3o da est\u00e1tua, para ent\u00e3o compreender que ela tamb\u00e9m representa a coragem e a liberdade de pensamento do povo belga. Ponto imperd\u00edvel de visita\u00e7\u00e3o para quem pretende conhecer Bruxelas.<\/p>\n\n\n\n<figure class=\"wp-block-image size-large\"><img loading=\"lazy\" decoding=\"async\" width=\"722\" height=\"960\" src=\"https:\/\/tvc16.com\/portal\/wp-content\/uploads\/2020\/12\/FOTO7.jpg\" alt=\"\" class=\"wp-image-8828\" srcset=\"https:\/\/tvc16.com\/portal\/wp-content\/uploads\/2020\/12\/FOTO7.jpg 722w, https:\/\/tvc16.com\/portal\/wp-content\/uploads\/2020\/12\/FOTO7-226x300.jpg 226w\" sizes=\"auto, (max-width: 722px) 100vw, 722px\" \/><\/figure>\n","protected":false},"excerpt":{"rendered":"<p>Por Sandra Brito (Professora e escritora) O Manneken Pis \u00e9 um monumento localizado no Centro<\/p>\n","protected":false},"author":2,"featured_media":8829,"comment_status":"open","ping_status":"open","sticky":false,"template":"","format":"standard","meta":{"footnotes":""},"categories":[16],"tags":[],"class_list":["post-8821","post","type-post","status-publish","format-standard","has-post-thumbnail","hentry","category-colunistas"],"_links":{"self":[{"href":"https:\/\/tvc16.com\/portal\/wp-json\/wp\/v2\/posts\/8821","targetHints":{"allow":["GET"]}}],"collection":[{"href":"https:\/\/tvc16.com\/portal\/wp-json\/wp\/v2\/posts"}],"about":[{"href":"https:\/\/tvc16.com\/portal\/wp-json\/wp\/v2\/types\/post"}],"author":[{"embeddable":true,"href":"https:\/\/tvc16.com\/portal\/wp-json\/wp\/v2\/users\/2"}],"replies":[{"embeddable":true,"href":"https:\/\/tvc16.com\/portal\/wp-json\/wp\/v2\/comments?post=8821"}],"version-history":[{"count":2,"href":"https:\/\/tvc16.com\/portal\/wp-json\/wp\/v2\/posts\/8821\/revisions"}],"predecessor-version":[{"id":8832,"href":"https:\/\/tvc16.com\/portal\/wp-json\/wp\/v2\/posts\/8821\/revisions\/8832"}],"wp:featuredmedia":[{"embeddable":true,"href":"https:\/\/tvc16.com\/portal\/wp-json\/wp\/v2\/media\/8829"}],"wp:attachment":[{"href":"https:\/\/tvc16.com\/portal\/wp-json\/wp\/v2\/media?parent=8821"}],"wp:term":[{"taxonomy":"category","embeddable":true,"href":"https:\/\/tvc16.com\/portal\/wp-json\/wp\/v2\/categories?post=8821"},{"taxonomy":"post_tag","embeddable":true,"href":"https:\/\/tvc16.com\/portal\/wp-json\/wp\/v2\/tags?post=8821"}],"curies":[{"name":"wp","href":"https:\/\/api.w.org\/{rel}","templated":true}]}}