{"id":8833,"date":"2020-12-27T22:21:49","date_gmt":"2020-12-28T01:21:49","guid":{"rendered":"https:\/\/tvc16.com\/portal\/?p=8833"},"modified":"2020-12-27T22:23:05","modified_gmt":"2020-12-28T01:23:05","slug":"a-semana-inicia-com-frente-fria-sobre-a-costa-do-sudeste","status":"publish","type":"post","link":"https:\/\/tvc16.com\/portal\/2020\/12\/27\/a-semana-inicia-com-frente-fria-sobre-a-costa-do-sudeste\/","title":{"rendered":"A Semana inicia com frente fria sobre a costa do Sudeste"},"content":{"rendered":"\n<p>As temperaturas variam entre 15 e 27 graus. A umidade relativa do ar pode variar entre 50 e 100 por cento.<\/p>\n\n\n\n<p>A chuva voltar\u00e1 a enfraquecer a partir desta segunda-feira (28), mas n\u00e3o ir\u00e1 parar completamente. A semana inicia com uma frente fria estacionada sobre a costa do Sudeste, e ser\u00e1 com temperatura pr\u00f3xima da m\u00e9dia hist\u00f3rica e bem mais seca, diminuindo a umidade do solo e ajudando a retomada das atividades de campo. Voltar\u00e1 a chover no Estado de S\u00e3o Paulo e sobre o oeste e sul de Minas Gerais.<\/p>\n\n\n\n<p>As temperaturas variam entre 15 e 27 graus. A umidade relativa do ar pode variar entre 50 e 100 por cento.&nbsp;<\/p>\n\n\n\n<p>As informa\u00e7\u00f5es s\u00e3o do Somar Meteorologia.&nbsp;<\/p>\n\n\n\n<p>Fonte: <a href=\"https:\/\/brasil61.com\/noticias\/o-tempo-e-a-temperatura-semana-inicia-com-frente-fria-sobre-a-costa-do-sudeste-ptsd202088?email=bethdeoliveira@yahoo.com.br&amp;utm_source=email_individual&amp;utm_medium=email_individual&amp;utm_campaign=email_individual\" target=\"_blank\" rel=\"noreferrer noopener\">Brasil 61<\/a><\/p>\n","protected":false},"excerpt":{"rendered":"<p>As temperaturas variam entre 15 e 27 graus. A umidade relativa do ar pode variar<\/p>\n","protected":false},"author":2,"featured_media":8834,"comment_status":"open","ping_status":"open","sticky":false,"template":"","format":"standard","meta":{"footnotes":""},"categories":[17],"tags":[],"class_list":["post-8833","post","type-post","status-publish","format-standard","has-post-thumbnail","hentry","category-outras-noticias"],"_links":{"self":[{"href":"https:\/\/tvc16.com\/portal\/wp-json\/wp\/v2\/posts\/8833","targetHints":{"allow":["GET"]}}],"collection":[{"href":"https:\/\/tvc16.com\/portal\/wp-json\/wp\/v2\/posts"}],"about":[{"href":"https:\/\/tvc16.com\/portal\/wp-json\/wp\/v2\/types\/post"}],"author":[{"embeddable":true,"href":"https:\/\/tvc16.com\/portal\/wp-json\/wp\/v2\/users\/2"}],"replies":[{"embeddable":true,"href":"https:\/\/tvc16.com\/portal\/wp-json\/wp\/v2\/comments?post=8833"}],"version-history":[{"count":1,"href":"https:\/\/tvc16.com\/portal\/wp-json\/wp\/v2\/posts\/8833\/revisions"}],"predecessor-version":[{"id":8835,"href":"https:\/\/tvc16.com\/portal\/wp-json\/wp\/v2\/posts\/8833\/revisions\/8835"}],"wp:featuredmedia":[{"embeddable":true,"href":"https:\/\/tvc16.com\/portal\/wp-json\/wp\/v2\/media\/8834"}],"wp:attachment":[{"href":"https:\/\/tvc16.com\/portal\/wp-json\/wp\/v2\/media?parent=8833"}],"wp:term":[{"taxonomy":"category","embeddable":true,"href":"https:\/\/tvc16.com\/portal\/wp-json\/wp\/v2\/categories?post=8833"},{"taxonomy":"post_tag","embeddable":true,"href":"https:\/\/tvc16.com\/portal\/wp-json\/wp\/v2\/tags?post=8833"}],"curies":[{"name":"wp","href":"https:\/\/api.w.org\/{rel}","templated":true}]}}