{"id":8836,"date":"2020-12-27T22:32:09","date_gmt":"2020-12-28T01:32:09","guid":{"rendered":"https:\/\/tvc16.com\/portal\/?p=8836"},"modified":"2020-12-27T22:32:12","modified_gmt":"2020-12-28T01:32:12","slug":"vacina-tem-impacto-que-precisa-ser-bem-esclarecido-diz-bolsonaro","status":"publish","type":"post","link":"https:\/\/tvc16.com\/portal\/2020\/12\/27\/vacina-tem-impacto-que-precisa-ser-bem-esclarecido-diz-bolsonaro\/","title":{"rendered":"Vacina tem impacto que precisa ser bem esclarecido, diz Bolsonaro"},"content":{"rendered":"\n<h3 class=\"wp-block-heading\">Presidente se referia \u00e0 responsabilidade por rea\u00e7\u00f5es adversas <\/h3>\n\n\n\n<p>O presidente Jair Bolsonaro afirmou neste&nbsp;domingo&nbsp;(27) por meio de redes sociais que existem quatro laborat\u00f3rios desenvolvendo estudos cl\u00ednicos de vacinas no Brasil. O post, no entanto, ressalta que nenhum deles apresentou o pedido de uso emergencial ou de registro junto \u00e0 Ag\u00eancia Nacional de Vigil\u00e2ncia Sanit\u00e1ria (Anvisa).<img decoding=\"async\" src=\"https:\/\/agenciabrasil.ebc.com.br\/ebc.png?id=1397414&amp;o=node\"><img decoding=\"async\" src=\"https:\/\/agenciabrasil.ebc.com.br\/ebc.gif?id=1397414&amp;o=node\"><\/p>\n\n\n\n<p>\u201cTemos pressa em obter uma vacina, segura, eficaz e com qualidade, fabricada por laborat\u00f3rios devidamente certificados. Mas a quest\u00e3o da responsabilidade por rea\u00e7\u00f5es adversas de suas vacinas \u00e9 um tema de grande impacto, e que precisa ser muito bem esclarecido\u201d, afirma o presidente.<\/p>\n\n\n\n<p>Bolsonaro afirmou ainda&nbsp;que, caso exercesse press\u00f5es pela vacina, seria acusado de interfer\u00eancia e irresponsabilidade.<\/p>\n\n\n\n<p>\u201cT\u00e3o logo um laborat\u00f3rio apresente seu pedido de uso emergencial, ou registro junto \u00e0 Anvisa, e esta proceda a sua an\u00e1lise completa e o acolha, a vacina ser\u00e1 ofertada a todos e de forma gratuita e n\u00e3o obrigat\u00f3ria\u201d<\/p>\n\n\n\n<h2 class=\"wp-block-heading\">Vacina\u00e7\u00e3o<\/h2>\n\n\n\n<p>Em entrevista ao programa Brasil em Pauta, da<strong>&nbsp;TV Brasil<\/strong>, o&nbsp;ministro da Sa\u00fade, Eduardo Pazuello, disse&nbsp;que&nbsp;<a href=\"https:\/\/agenciabrasil.ebc.com.br\/saude\/noticia\/2020-12\/covid-19-pazuello-diz-que-estados-receberao-vacina-simultaneamente\" target=\"_blank\" rel=\"noreferrer noopener\">todos os estados receber\u00e3o a vacina simultaneamente<\/a>. &#8220;Independentemente da quantidade da vacina, ela ser\u00e1 distribu\u00edda igualitariamente dentro da proporcionalidade dos estados&#8221;. A entrevista com Pazuello vai ao ar neste&nbsp;domingo&nbsp;(27), \u00e0s 19h30.&nbsp;<\/p>\n\n\n\n<p>A previs\u00e3o do Minist\u00e9rio da Sa\u00fade \u00e9 que 24,7 milh\u00f5es de doses de vacinas estejam dispon\u00edveis em janeiro. \u201cO cronograma de distribui\u00e7\u00e3o e imuniza\u00e7\u00e3o \u00e9 um anexo do nosso plano de imuniza\u00e7\u00e3o&#8221;, disse Pazuello, ao acrescentar que o cronograma pode sofrer mudan\u00e7as. &#8220;Voc\u00ea faz a previs\u00e3o quando contrata, mas \u00e0s vezes adianta, \u00e0s vezes atrasa, e a gente vai atualizando esse cronograma.&#8221;<\/p>\n\n\n\n<p>A expectativa de Pazuello \u00e9 que alguns grupos priorit\u00e1rios comecem a receber a primeira dose da vacina contra a covid-19 no final&nbsp;de janeiro. A vacina\u00e7\u00e3o em massa deve come\u00e7ar a partir&nbsp;de fevereiro.<\/p>\n\n\n\n<p>Segundo o ministro, a vacina\u00e7\u00e3o da popula\u00e7\u00e3o em geral deve come\u00e7ar cerca de quatro meses ap\u00f3s o t\u00e9rmino da imuniza\u00e7\u00e3o dos grupos priorit\u00e1rios.<\/p>\n\n\n\n<p>Edi\u00e7\u00e3o: L\u00edlian Berald<\/p>\n","protected":false},"excerpt":{"rendered":"<p>Presidente se referia \u00e0 responsabilidade por rea\u00e7\u00f5es adversas O presidente Jair Bolsonaro afirmou neste&nbsp;domingo&nbsp;(27) por<\/p>\n","protected":false},"author":2,"featured_media":8837,"comment_status":"open","ping_status":"open","sticky":false,"template":"","format":"standard","meta":{"footnotes":""},"categories":[17],"tags":[],"class_list":["post-8836","post","type-post","status-publish","format-standard","has-post-thumbnail","hentry","category-outras-noticias"],"_links":{"self":[{"href":"https:\/\/tvc16.com\/portal\/wp-json\/wp\/v2\/posts\/8836","targetHints":{"allow":["GET"]}}],"collection":[{"href":"https:\/\/tvc16.com\/portal\/wp-json\/wp\/v2\/posts"}],"about":[{"href":"https:\/\/tvc16.com\/portal\/wp-json\/wp\/v2\/types\/post"}],"author":[{"embeddable":true,"href":"https:\/\/tvc16.com\/portal\/wp-json\/wp\/v2\/users\/2"}],"replies":[{"embeddable":true,"href":"https:\/\/tvc16.com\/portal\/wp-json\/wp\/v2\/comments?post=8836"}],"version-history":[{"count":1,"href":"https:\/\/tvc16.com\/portal\/wp-json\/wp\/v2\/posts\/8836\/revisions"}],"predecessor-version":[{"id":8838,"href":"https:\/\/tvc16.com\/portal\/wp-json\/wp\/v2\/posts\/8836\/revisions\/8838"}],"wp:featuredmedia":[{"embeddable":true,"href":"https:\/\/tvc16.com\/portal\/wp-json\/wp\/v2\/media\/8837"}],"wp:attachment":[{"href":"https:\/\/tvc16.com\/portal\/wp-json\/wp\/v2\/media?parent=8836"}],"wp:term":[{"taxonomy":"category","embeddable":true,"href":"https:\/\/tvc16.com\/portal\/wp-json\/wp\/v2\/categories?post=8836"},{"taxonomy":"post_tag","embeddable":true,"href":"https:\/\/tvc16.com\/portal\/wp-json\/wp\/v2\/tags?post=8836"}],"curies":[{"name":"wp","href":"https:\/\/api.w.org\/{rel}","templated":true}]}}