{"id":8842,"date":"2020-12-28T12:13:19","date_gmt":"2020-12-28T15:13:19","guid":{"rendered":"https:\/\/tvc16.com\/portal\/?p=8842"},"modified":"2020-12-28T12:13:21","modified_gmt":"2020-12-28T15:13:21","slug":"carreta-na-subida-da-serra-e-retirada-nesta-madrugada","status":"publish","type":"post","link":"https:\/\/tvc16.com\/portal\/2020\/12\/28\/carreta-na-subida-da-serra-e-retirada-nesta-madrugada\/","title":{"rendered":"Carreta, na subida da Serra  \u00e9 retirada nesta madrugada"},"content":{"rendered":"\n<p>Equipes da Concer realizaram com sucesso o i\u00e7amento da carreta que desatrelou na subida da Serra de Petr\u00f3polis, na altura do km 87 da BR040. A opera\u00e7\u00e3o ocorreu durante a madrugada, sendo necess\u00e1rio um guindaste para erguer o tanque carregado de GLP. Trecho operando normalmente.<\/p>\n","protected":false},"excerpt":{"rendered":"<p>Equipes da Concer realizaram com sucesso o i\u00e7amento da carreta que desatrelou na subida da<\/p>\n","protected":false},"author":2,"featured_media":8840,"comment_status":"open","ping_status":"open","sticky":false,"template":"","format":"standard","meta":{"footnotes":""},"categories":[12],"tags":[],"class_list":["post-8842","post","type-post","status-publish","format-standard","has-post-thumbnail","hentry","category-cidade"],"_links":{"self":[{"href":"https:\/\/tvc16.com\/portal\/wp-json\/wp\/v2\/posts\/8842","targetHints":{"allow":["GET"]}}],"collection":[{"href":"https:\/\/tvc16.com\/portal\/wp-json\/wp\/v2\/posts"}],"about":[{"href":"https:\/\/tvc16.com\/portal\/wp-json\/wp\/v2\/types\/post"}],"author":[{"embeddable":true,"href":"https:\/\/tvc16.com\/portal\/wp-json\/wp\/v2\/users\/2"}],"replies":[{"embeddable":true,"href":"https:\/\/tvc16.com\/portal\/wp-json\/wp\/v2\/comments?post=8842"}],"version-history":[{"count":1,"href":"https:\/\/tvc16.com\/portal\/wp-json\/wp\/v2\/posts\/8842\/revisions"}],"predecessor-version":[{"id":8843,"href":"https:\/\/tvc16.com\/portal\/wp-json\/wp\/v2\/posts\/8842\/revisions\/8843"}],"wp:featuredmedia":[{"embeddable":true,"href":"https:\/\/tvc16.com\/portal\/wp-json\/wp\/v2\/media\/8840"}],"wp:attachment":[{"href":"https:\/\/tvc16.com\/portal\/wp-json\/wp\/v2\/media?parent=8842"}],"wp:term":[{"taxonomy":"category","embeddable":true,"href":"https:\/\/tvc16.com\/portal\/wp-json\/wp\/v2\/categories?post=8842"},{"taxonomy":"post_tag","embeddable":true,"href":"https:\/\/tvc16.com\/portal\/wp-json\/wp\/v2\/tags?post=8842"}],"curies":[{"name":"wp","href":"https:\/\/api.w.org\/{rel}","templated":true}]}}