{"id":8844,"date":"2020-12-28T12:30:13","date_gmt":"2020-12-28T15:30:13","guid":{"rendered":"https:\/\/tvc16.com\/portal\/?p=8844"},"modified":"2020-12-28T12:30:16","modified_gmt":"2020-12-28T15:30:16","slug":"pre-matricula-na-rede-municipal-de-petropolis-comeca-na-quarta-feira-dia-30-de-dezembro","status":"publish","type":"post","link":"https:\/\/tvc16.com\/portal\/2020\/12\/28\/pre-matricula-na-rede-municipal-de-petropolis-comeca-na-quarta-feira-dia-30-de-dezembro\/","title":{"rendered":"Pr\u00e9-matr\u00edcula na rede municipal, de Petr\u00f3polis, come\u00e7a na quarta-feira dia 30 de dezembro"},"content":{"rendered":"\n<p><em>Link ser\u00e1 disponibilizado no site da prefeitura:\u00a0<a rel=\"noreferrer noopener\" target=\"_blank\" href=\"http:\/\/www.petropolis.rj.gov.br\/\">www.petropolis.rj.gov.br<\/a><\/em><\/p>\n\n\n\n<p>O prazo da pr\u00e9-matr\u00edcula para a rede municipal vai ocorrer do dia 30 de dezembro de 2020 at\u00e9 o dia 15 de janeiro de 2021. Os pais ou respons\u00e1veis por crian\u00e7as e adolescentes em idade escolar devem ficar atentos: um link ser\u00e1 disponibilizado no site da prefeitura:\u00a0<a rel=\"noreferrer noopener\" target=\"_blank\" href=\"http:\/\/www.petropolis.rj.gov.br\/\">www.petropolis.rj.gov.br<\/a>.<\/p>\n\n\n\n<p>\u201cA renova\u00e7\u00e3o de quem j\u00e1 \u00e9 aluno da rede j\u00e1 ocorreu de forma autom\u00e1tica. A pr\u00e9-matr\u00edcula \u00e9 apenas para quem deseja ingressar em uma das institui\u00e7\u00f5es da rede municipal\u201d, explica o prefeito Bernardo Rossi.<\/p>\n\n\n\n<p>Durante a pr\u00e9-matr\u00edcula ser\u00e3o cadastrados os pedidos de vaga para a pr\u00e9-escola &#8211; 4 e 5 anos &#8211; atendimento parcial nas escolas e integral nas unidades que oferecem ensino integral. Ensino Fundamental (1\u00ba ao 9\u00ba ano), bem como os que desejam retornar \u00e0 vida escolar, na modalidade EJA \u2013 Educa\u00e7\u00e3o de Jovens e Adultos.<\/p>\n\n\n\n<p>O resultado da pr\u00e9-matr\u00edcula ser\u00e1 divulgado no site da Prefeitura, no dia 21 de janeiro e nas unidades escolares da Rede Municipal de Ensino. Ap\u00f3s a divulga\u00e7\u00e3o do resultado, os respons\u00e1veis legais ou o candidato maior de idade dever\u00e3o entrar em contato com a Secretaria Municipal de Educa\u00e7\u00e3o pelos&nbsp; telefones (24)2246-8683 \/ (24)2246-8685 ou pelo e-mail&nbsp;<a rel=\"noreferrer noopener\" target=\"_blank\" href=\"mailto:seematriculaadistancia@gmail.com\">seematriculaadistancia@gmail.com<\/a>&nbsp;no prazo de 3 (tr\u00eas) dias \u00fateis, para agendar o atendimento e efetivar a matr\u00edcula.&nbsp; Importante: ao entrar em contato com o setor de matr\u00edcula, haver\u00e1 a possibilidade de realizar a matr\u00edcula por e-mail, n\u00e3o sendo necess\u00e1rio o comparecimento ao setor.<\/p>\n\n\n\n<p>\u201cAp\u00f3s conferir o resultado os pais ter\u00e3o o atendimento agendado no Departamento de Matr\u00edculas da Secretaria de Educa\u00e7\u00e3o para a efetiva\u00e7\u00e3o da matr\u00edcula. A inscri\u00e7\u00e3o online j\u00e1 \u00e9 adotada h\u00e1 alguns anos na rede e, agora, com a pandemia, \u00e9 a melhor forma de garantir a matricula. Quando o atendimento for agendado de forma presencial na Secretaria de Educa\u00e7\u00e3o, todos os protocolos e cuidados ser\u00e3o respeitados\u201d, informa a secret\u00e1ria de Educa\u00e7\u00e3o, Marcia Palma.<\/p>\n\n\n\n<p>Com a data e hora do agendamento da matr\u00edcula, os pais dever\u00e3o levar para a efetiva\u00e7\u00e3o os seguintes documentos:<\/p>\n\n\n\n<ol class=\"wp-block-list\"><li>Certid\u00e3o de Nascimento e documento de identidade do aluno;<\/li><li>Declara\u00e7\u00e3o escolar (v\u00e1lida por trinta dias) constando a situa\u00e7\u00e3o do aluno para o ano subsequente ou<\/li><\/ol>\n\n\n\n<p>III. Hist\u00f3rico escolar original;<\/p>\n\n\n\n<ol class=\"wp-block-list\"><li>Carteira de Identidade e CPF do respons\u00e1vel;<\/li><li>Comprovante de resid\u00eancia atualizado;<\/li><li>Duas fotos em formato 3&#215;4;<\/li><\/ol>\n\n\n\n<p>VII. Carteira de vacina\u00e7\u00e3o atualizada;<\/p>\n\n\n\n<p>VIII. Comprovante do tipo sangu\u00edneo e fator RH (Lei Municipal n\u00ba 7216, de 27\/08\/2014);<\/p>\n\n\n\n<ol class=\"wp-block-list\"><li>Cart\u00e3o do Bolsa Fam\u00edlia (se benefici\u00e1rio);<\/li><li>Cart\u00e3o do SUS;<\/li><li>Parecer cl\u00ednico espec\u00edfico para alunos da modalidade da educa\u00e7\u00e3o especial.<\/li><\/ol>\n\n\n\n<p><strong>Vagas para creche<\/strong><\/p>\n\n\n\n<p>Os pais que desejam vaga nos CEIs \u2013 Centros de Educa\u00e7\u00e3o Infantil &#8211; etapa Creche (0 a 3 anos) e Pr\u00e9-escola (4 e 5 anos), dever\u00e3o procurar a Ger\u00eancia de Atendimento ao Educando\/Setor de Matr\u00edculas da Secretaria de Educa\u00e7\u00e3o para pleitear uma vaga na unidade escolar desejada e realizar o cadastro \u2013 cadastro para fila de espera. Importante salientar que, no caso dos alunos que tem 4 e 5 anos, h\u00e1 vagas nas escolas que oferecem educa\u00e7\u00e3o infantil (per\u00edodo parcial e integral no caso das escolas com atendimento integral que atendem esse p\u00fablico). Informa\u00e7\u00f5es atrav\u00e9s dos telefones: (24) 2246-8683\/ (24) 2246-8685.<\/p>\n","protected":false},"excerpt":{"rendered":"<p>Link ser\u00e1 disponibilizado no site da prefeitura:\u00a0www.petropolis.rj.gov.br O prazo da pr\u00e9-matr\u00edcula para a rede municipal<\/p>\n","protected":false},"author":2,"featured_media":8845,"comment_status":"open","ping_status":"open","sticky":false,"template":"","format":"standard","meta":{"footnotes":""},"categories":[12],"tags":[],"class_list":["post-8844","post","type-post","status-publish","format-standard","has-post-thumbnail","hentry","category-cidade"],"_links":{"self":[{"href":"https:\/\/tvc16.com\/portal\/wp-json\/wp\/v2\/posts\/8844","targetHints":{"allow":["GET"]}}],"collection":[{"href":"https:\/\/tvc16.com\/portal\/wp-json\/wp\/v2\/posts"}],"about":[{"href":"https:\/\/tvc16.com\/portal\/wp-json\/wp\/v2\/types\/post"}],"author":[{"embeddable":true,"href":"https:\/\/tvc16.com\/portal\/wp-json\/wp\/v2\/users\/2"}],"replies":[{"embeddable":true,"href":"https:\/\/tvc16.com\/portal\/wp-json\/wp\/v2\/comments?post=8844"}],"version-history":[{"count":1,"href":"https:\/\/tvc16.com\/portal\/wp-json\/wp\/v2\/posts\/8844\/revisions"}],"predecessor-version":[{"id":8846,"href":"https:\/\/tvc16.com\/portal\/wp-json\/wp\/v2\/posts\/8844\/revisions\/8846"}],"wp:featuredmedia":[{"embeddable":true,"href":"https:\/\/tvc16.com\/portal\/wp-json\/wp\/v2\/media\/8845"}],"wp:attachment":[{"href":"https:\/\/tvc16.com\/portal\/wp-json\/wp\/v2\/media?parent=8844"}],"wp:term":[{"taxonomy":"category","embeddable":true,"href":"https:\/\/tvc16.com\/portal\/wp-json\/wp\/v2\/categories?post=8844"},{"taxonomy":"post_tag","embeddable":true,"href":"https:\/\/tvc16.com\/portal\/wp-json\/wp\/v2\/tags?post=8844"}],"curies":[{"name":"wp","href":"https:\/\/api.w.org\/{rel}","templated":true}]}}