{"id":8847,"date":"2020-12-28T16:05:17","date_gmt":"2020-12-28T19:05:17","guid":{"rendered":"https:\/\/tvc16.com\/portal\/?p=8847"},"modified":"2020-12-28T16:31:35","modified_gmt":"2020-12-28T19:31:35","slug":"firjan-decreto-que-autoriza-concessao-de-saneamento-basico-e-fundamental-para-livrar-o-rio-de-atraso-de-um-seculo","status":"publish","type":"post","link":"https:\/\/tvc16.com\/portal\/2020\/12\/28\/firjan-decreto-que-autoriza-concessao-de-saneamento-basico-e-fundamental-para-livrar-o-rio-de-atraso-de-um-seculo\/","title":{"rendered":"Firjan: decreto que autoriza concess\u00e3o de saneamento b\u00e1sico \u00e9 fundamental para livrar o Rio de atraso de um s\u00e9culo"},"content":{"rendered":"\n<p>O Rio de Janeiro d\u00e1 um passo importante para sanar uma d\u00edvida de mais de um s\u00e9culo com sua popula\u00e7\u00e3o. O decreto do governador que autoriza o processo de licita\u00e7\u00e3o do servi\u00e7o de saneamento b\u00e1sico no estado \u00e9 not\u00edcia que deve ser celebrada por todos os fluminenses. Hoje, um ter\u00e7o dos moradores do estado n\u00e3o conta com coleta de esgoto, 10% n\u00e3o t\u00eam acesso a \u00e1gua. E 66% do esgoto produzido n\u00e3o \u00e9 tratado.<\/p>\n\n\n\n<p>Esse cen\u00e1rio inaceit\u00e1vel ser\u00e1 corrigido agora com a licita\u00e7\u00e3o dos servi\u00e7os de \u00e1gua e esgoto do estado. A Firjan atuou fortemente em defesa dessa concess\u00e3o, que trar\u00e1 in\u00fameros benef\u00edcios. Ajudar\u00e1 a despoluir a Baia de Guanabara, a bacia do Rio Guandu e as lagoas da Barra da Tijuca. E evitar\u00e1 doen\u00e7as que s\u00e3o consequ\u00eancia da falta de saneamento b\u00e1sico, o que representa uma economia de 144 bilh\u00f5es de reais em gastos em sa\u00fade.<\/p>\n\n\n\n<p>Ser\u00e1 tamb\u00e9m o maior programa de investimento do Brasil e um dos maiores do mundo com apoio da iniciativa privada. Funcionar\u00e1 como uma alavanca potente e fundamental para a economia do Rio de Janeiro, como a Firjan sinalizou \u00e0s autoridades do Executivo e do Legislativo no \u201cPrograma de Retomada do Crescimento em Bases Competitivas do Estado do Rio de Janeiro\u201d. &nbsp;<\/p>\n\n\n\n<p>Ao longo dos 35 anos da concess\u00e3o, o efeito multiplicador na economia ser\u00e1 de R$ 42,7 bilh\u00f5es com a gera\u00e7\u00e3o de 479 mil empregos diretos e indiretos no estado, com reflexo em setores como constru\u00e7\u00e3o civil, metalurgia, com\u00e9rcio, servi\u00e7os e log\u00edstica.<\/p>\n\n\n\n<p>Esse investimento representa um impacto direto na transforma\u00e7\u00e3o da qualidade de vida de mais de 13 milh\u00f5es de pessoas. Uma multid\u00e3o que n\u00e3o pode mais esperar pelo seu direito de acesso a \u00e1gua e esgoto tratados.<\/p>\n","protected":false},"excerpt":{"rendered":"<p>O Rio de Janeiro d\u00e1 um passo importante para sanar uma d\u00edvida de mais de<\/p>\n","protected":false},"author":2,"featured_media":8862,"comment_status":"open","ping_status":"open","sticky":false,"template":"","format":"standard","meta":{"footnotes":""},"categories":[17],"tags":[],"class_list":["post-8847","post","type-post","status-publish","format-standard","has-post-thumbnail","hentry","category-outras-noticias"],"_links":{"self":[{"href":"https:\/\/tvc16.com\/portal\/wp-json\/wp\/v2\/posts\/8847","targetHints":{"allow":["GET"]}}],"collection":[{"href":"https:\/\/tvc16.com\/portal\/wp-json\/wp\/v2\/posts"}],"about":[{"href":"https:\/\/tvc16.com\/portal\/wp-json\/wp\/v2\/types\/post"}],"author":[{"embeddable":true,"href":"https:\/\/tvc16.com\/portal\/wp-json\/wp\/v2\/users\/2"}],"replies":[{"embeddable":true,"href":"https:\/\/tvc16.com\/portal\/wp-json\/wp\/v2\/comments?post=8847"}],"version-history":[{"count":1,"href":"https:\/\/tvc16.com\/portal\/wp-json\/wp\/v2\/posts\/8847\/revisions"}],"predecessor-version":[{"id":8849,"href":"https:\/\/tvc16.com\/portal\/wp-json\/wp\/v2\/posts\/8847\/revisions\/8849"}],"wp:featuredmedia":[{"embeddable":true,"href":"https:\/\/tvc16.com\/portal\/wp-json\/wp\/v2\/media\/8862"}],"wp:attachment":[{"href":"https:\/\/tvc16.com\/portal\/wp-json\/wp\/v2\/media?parent=8847"}],"wp:term":[{"taxonomy":"category","embeddable":true,"href":"https:\/\/tvc16.com\/portal\/wp-json\/wp\/v2\/categories?post=8847"},{"taxonomy":"post_tag","embeddable":true,"href":"https:\/\/tvc16.com\/portal\/wp-json\/wp\/v2\/tags?post=8847"}],"curies":[{"name":"wp","href":"https:\/\/api.w.org\/{rel}","templated":true}]}}