{"id":8863,"date":"2020-12-28T16:39:19","date_gmt":"2020-12-28T19:39:19","guid":{"rendered":"https:\/\/tvc16.com\/portal\/?p=8863"},"modified":"2020-12-28T16:39:21","modified_gmt":"2020-12-28T19:39:21","slug":"detro-rj-da-inicio-a-operacao-reveillon-acao-nesta-segunda-feira-28-ocorreu-no-entorno-da-central-do-brasil-e-contou-com-o-apoio-da-pm","status":"publish","type":"post","link":"https:\/\/tvc16.com\/portal\/2020\/12\/28\/detro-rj-da-inicio-a-operacao-reveillon-acao-nesta-segunda-feira-28-ocorreu-no-entorno-da-central-do-brasil-e-contou-com-o-apoio-da-pm\/","title":{"rendered":"Detro-RJ d\u00e1 in\u00edcio \u00e0 Opera\u00e7\u00e3o R\u00e9veillon. A\u00e7\u00e3o nesta segunda-feira (28) ocorreu no entorno da Central do Brasil e contou com o apoio da PM"},"content":{"rendered":"\n<p><\/p>\n\n\n\n<p>O Departamento de Transportes Rodovi\u00e1rios do Estado do Rio de Janeiro (Detro-RJ) deu in\u00edcio, nesta segunda-feira (28), \u00e0 Opera\u00e7\u00e3o R\u00e9veillon.\u00a0O objetivo \u00e9 coibir o transporte de passageiros sem autoriza\u00e7\u00e3o do poder concedente durante a sa\u00edda para o feriado. Neste primeiro dia, os agentes estiveram no entorno da Central do Brasil. A a\u00e7\u00e3o continuar\u00e1 ocorrendo ao longo da semana em diversos pontos da Regi\u00e3o Metropolitana, onde h\u00e1 aumento na demanda de passageiros e, consequentemente, da oferta do servi\u00e7o ilegal.<br>Al\u00e9m de irregular, este tipo de transporte coloca em risco a vida dos passageiros, uma vez que n\u00e3o existem garantias sobre as condi\u00e7\u00f5es dos ve\u00edculos, al\u00e9m do registro do condutor. A fiscaliza\u00e7\u00e3o conta com o apoio da Pol\u00edcia Militar.<br>O Detro-RJ realiza a\u00e7\u00f5es di\u00e1rias de combate ao transporte ilegal de passageiros em todo o estado. Desde janeiro, 1.587 ve\u00edculos ilegais foram retirados de circula\u00e7\u00e3o.<br>A popula\u00e7\u00e3o pode ajudar denunciando esse tipo de irregularidade, por meio do telefone da ouvidoria do Detro-RJ, (21) 3883-4141, ou pelo e-mail\u00a0<a rel=\"noreferrer noopener\" target=\"_blank\" href=\"mailto:ouvidoria@detro.rj.gov.br\">ouvidoria@detro.rj.gov.br<\/a>. Al\u00e9m das opera\u00e7\u00f5es de intelig\u00eancia, o Detro-RJ tamb\u00e9m utiliza as informa\u00e7\u00f5es recebidas para direcionar as a\u00e7\u00f5es de fiscaliza\u00e7\u00e3o. Os cidad\u00e3os tamb\u00e9m podem enviar informa\u00e7\u00f5es pelo WhatsApp &#8220;Fale Detro-RJ&#8221;, cujo n\u00famero \u00e9 (21) 98596-8545.\u00a0<\/p>\n","protected":false},"excerpt":{"rendered":"<p>O Departamento de Transportes Rodovi\u00e1rios do Estado do Rio de Janeiro (Detro-RJ) deu in\u00edcio, nesta<\/p>\n","protected":false},"author":2,"featured_media":8864,"comment_status":"open","ping_status":"open","sticky":false,"template":"","format":"standard","meta":{"footnotes":""},"categories":[17],"tags":[],"class_list":["post-8863","post","type-post","status-publish","format-standard","has-post-thumbnail","hentry","category-outras-noticias"],"_links":{"self":[{"href":"https:\/\/tvc16.com\/portal\/wp-json\/wp\/v2\/posts\/8863","targetHints":{"allow":["GET"]}}],"collection":[{"href":"https:\/\/tvc16.com\/portal\/wp-json\/wp\/v2\/posts"}],"about":[{"href":"https:\/\/tvc16.com\/portal\/wp-json\/wp\/v2\/types\/post"}],"author":[{"embeddable":true,"href":"https:\/\/tvc16.com\/portal\/wp-json\/wp\/v2\/users\/2"}],"replies":[{"embeddable":true,"href":"https:\/\/tvc16.com\/portal\/wp-json\/wp\/v2\/comments?post=8863"}],"version-history":[{"count":1,"href":"https:\/\/tvc16.com\/portal\/wp-json\/wp\/v2\/posts\/8863\/revisions"}],"predecessor-version":[{"id":8865,"href":"https:\/\/tvc16.com\/portal\/wp-json\/wp\/v2\/posts\/8863\/revisions\/8865"}],"wp:featuredmedia":[{"embeddable":true,"href":"https:\/\/tvc16.com\/portal\/wp-json\/wp\/v2\/media\/8864"}],"wp:attachment":[{"href":"https:\/\/tvc16.com\/portal\/wp-json\/wp\/v2\/media?parent=8863"}],"wp:term":[{"taxonomy":"category","embeddable":true,"href":"https:\/\/tvc16.com\/portal\/wp-json\/wp\/v2\/categories?post=8863"},{"taxonomy":"post_tag","embeddable":true,"href":"https:\/\/tvc16.com\/portal\/wp-json\/wp\/v2\/tags?post=8863"}],"curies":[{"name":"wp","href":"https:\/\/api.w.org\/{rel}","templated":true}]}}