{"id":8866,"date":"2020-12-28T16:53:54","date_gmt":"2020-12-28T19:53:54","guid":{"rendered":"https:\/\/tvc16.com\/portal\/?p=8866"},"modified":"2020-12-28T16:53:57","modified_gmt":"2020-12-28T19:53:57","slug":"governo-municipal-vai-instalar-um-novo-ponto-de-apoio-para-pacientes-com-suspeita-de-covid-19-na-upa-cascatinha-a-acao-tem-objetivo-de-acolher-a-populacao-que-mora-nessa-area","status":"publish","type":"post","link":"https:\/\/tvc16.com\/portal\/2020\/12\/28\/governo-municipal-vai-instalar-um-novo-ponto-de-apoio-para-pacientes-com-suspeita-de-covid-19-na-upa-cascatinha-a-acao-tem-objetivo-de-acolher-a-populacao-que-mora-nessa-area\/","title":{"rendered":"Governo municipal vai instalar um novo ponto de apoio para pacientes com suspeita de covid-19 na UPA Cascatinha. A a\u00e7\u00e3o tem objetivo de acolher a popula\u00e7\u00e3o que mora nessa \u00e1rea"},"content":{"rendered":"\n<p><strong>Covid-19: Novo ponto de apoio ser\u00e1 instalado na UPA Cascatinha<\/strong><\/p>\n\n\n\n<p> A estrutura ser\u00e1 montada no estacionamento da Unidade e a previs\u00e3o \u00e9 que os atendimentos comecem a ser realizados nesta ter\u00e7a-feira (29).<\/p>\n\n\n\n<p>O prefeito Bernardo Rossi, acompanhado pelo vice-prefeito Baninho, pelo secret\u00e1rio Chefe de Gabinete, Renan Campos e pela secret\u00e1ria de Sa\u00fade, Fabiola Heck, estiveram na UPA para definir os detalhes para instala\u00e7\u00e3o do novo espa\u00e7o.<\/p>\n\n\n\n<figure class=\"wp-block-image size-large\"><img loading=\"lazy\" decoding=\"async\" width=\"1024\" height=\"768\" src=\"https:\/\/tvc16.com\/portal\/wp-content\/uploads\/2020\/12\/WhatsApp-Image-2020-12-28-at-13.47.33-1024x768.jpeg\" alt=\"\" class=\"wp-image-8867\" srcset=\"https:\/\/tvc16.com\/portal\/wp-content\/uploads\/2020\/12\/WhatsApp-Image-2020-12-28-at-13.47.33-1024x768.jpeg 1024w, https:\/\/tvc16.com\/portal\/wp-content\/uploads\/2020\/12\/WhatsApp-Image-2020-12-28-at-13.47.33-300x225.jpeg 300w, https:\/\/tvc16.com\/portal\/wp-content\/uploads\/2020\/12\/WhatsApp-Image-2020-12-28-at-13.47.33-768x576.jpeg 768w, https:\/\/tvc16.com\/portal\/wp-content\/uploads\/2020\/12\/WhatsApp-Image-2020-12-28-at-13.47.33-200x150.jpeg 200w, https:\/\/tvc16.com\/portal\/wp-content\/uploads\/2020\/12\/WhatsApp-Image-2020-12-28-at-13.47.33.jpeg 1280w\" sizes=\"auto, (max-width: 1024px) 100vw, 1024px\" \/><\/figure>\n\n\n\n<p>\u201cVamos enfrentar a situa\u00e7\u00e3o da pandemia at\u00e9 o \u00faltimo dia de governo. Tomamos todas as medidas necess\u00e1rias para evitar que a doen\u00e7a se prolifere entre os petropolitanos, mas todos devem fazer sua parte tamb\u00e9m. Evitem aglomera\u00e7\u00f5es, respeitem o uso da m\u00e1scara e usem \u00e1lcool em gel\u201d, solicitou o prefeito.<\/p>\n\n\n\n<p>A prefeitura destaca que as UBS (Quitandinha, Itamarati, Pedro do Rio e Posse), al\u00e9m do Centro de Sa\u00fade, est\u00e3o funcionando para realiza\u00e7\u00e3o de testes e como pontos de apoio para atendimentos de pacientes com suspeita de coid-19.<\/p>\n","protected":false},"excerpt":{"rendered":"<p>Covid-19: Novo ponto de apoio ser\u00e1 instalado na UPA Cascatinha A estrutura ser\u00e1 montada no<\/p>\n","protected":false},"author":2,"featured_media":8868,"comment_status":"open","ping_status":"open","sticky":false,"template":"","format":"standard","meta":{"footnotes":""},"categories":[12],"tags":[],"class_list":["post-8866","post","type-post","status-publish","format-standard","has-post-thumbnail","hentry","category-cidade"],"_links":{"self":[{"href":"https:\/\/tvc16.com\/portal\/wp-json\/wp\/v2\/posts\/8866","targetHints":{"allow":["GET"]}}],"collection":[{"href":"https:\/\/tvc16.com\/portal\/wp-json\/wp\/v2\/posts"}],"about":[{"href":"https:\/\/tvc16.com\/portal\/wp-json\/wp\/v2\/types\/post"}],"author":[{"embeddable":true,"href":"https:\/\/tvc16.com\/portal\/wp-json\/wp\/v2\/users\/2"}],"replies":[{"embeddable":true,"href":"https:\/\/tvc16.com\/portal\/wp-json\/wp\/v2\/comments?post=8866"}],"version-history":[{"count":1,"href":"https:\/\/tvc16.com\/portal\/wp-json\/wp\/v2\/posts\/8866\/revisions"}],"predecessor-version":[{"id":8869,"href":"https:\/\/tvc16.com\/portal\/wp-json\/wp\/v2\/posts\/8866\/revisions\/8869"}],"wp:featuredmedia":[{"embeddable":true,"href":"https:\/\/tvc16.com\/portal\/wp-json\/wp\/v2\/media\/8868"}],"wp:attachment":[{"href":"https:\/\/tvc16.com\/portal\/wp-json\/wp\/v2\/media?parent=8866"}],"wp:term":[{"taxonomy":"category","embeddable":true,"href":"https:\/\/tvc16.com\/portal\/wp-json\/wp\/v2\/categories?post=8866"},{"taxonomy":"post_tag","embeddable":true,"href":"https:\/\/tvc16.com\/portal\/wp-json\/wp\/v2\/tags?post=8866"}],"curies":[{"name":"wp","href":"https:\/\/api.w.org\/{rel}","templated":true}]}}