{"id":8892,"date":"2020-12-28T18:44:13","date_gmt":"2020-12-28T21:44:13","guid":{"rendered":"https:\/\/tvc16.com\/portal\/?p=8892"},"modified":"2020-12-28T18:46:24","modified_gmt":"2020-12-28T21:46:24","slug":"estado-do-rio-de-janeiro-passa-dos-420-mil-casos-de-covid-19-e-ja-registra-quase-25-mil-obitos-pela-doenca","status":"publish","type":"post","link":"https:\/\/tvc16.com\/portal\/2020\/12\/28\/estado-do-rio-de-janeiro-passa-dos-420-mil-casos-de-covid-19-e-ja-registra-quase-25-mil-obitos-pela-doenca\/","title":{"rendered":"Estado do Rio de Janeiro passa dos 420 mil casos de Covid-19 e j\u00e1 registra quase 25 mil \u00f3bitos pela doen\u00e7a"},"content":{"rendered":"\n<p>A Secretaria de Estado de Sa\u00fade do Rio de Janeiro informa que registra, at\u00e9 esta segunda-feira (28), 421.674 casos confirmados e 24.942 \u00f3bitos por coronav\u00edrus (Covid-19) no estado. H\u00e1 ainda 549 \u00f3bitos em investiga\u00e7\u00e3o e 2.457 foram descartados. Entre os casos confirmados, 392.179 pacientes se recuperaram da doen\u00e7a.<\/p>\n\n\n\n<p>A SES esclarece que os 24 \u00f3bitos registrados nesta segunda n\u00e3o aconteceram todos hoje; ocorreram entre as semanas epidemiol\u00f3gicas 24 a 53.<br>&nbsp;<br>Os dez munic\u00edpios com mais casos positivos registrados<\/p>\n\n\n\n<p><br>Rio de Janeiro &#8211; 161.191<\/p>\n\n\n\n<p>Niter\u00f3i &#8211; 22.692<\/p>\n\n\n\n<p>S\u00e3o Gon\u00e7alo &#8211; 17.970<\/p>\n\n\n\n<p>Belford Roxo &#8211; 13.199<\/p>\n\n\n\n<p>Duque de Caxias &#8211; 13.032<\/p>\n\n\n\n<p>Maca\u00e9 &#8211; 12.431<\/p>\n\n\n\n<p>Volta Redonda &#8211; 12.027<\/p>\n\n\n\n<p>Teres\u00f3polis &#8211; 11.878<\/p>\n\n\n\n<p>Campos dos Goytacazes &#8211; 11.606<\/p>\n\n\n\n<p>Nova Igua\u00e7u &#8211; 9.541<\/p>\n","protected":false},"excerpt":{"rendered":"<p>A Secretaria de Estado de Sa\u00fade do Rio de Janeiro informa que registra, at\u00e9 esta<\/p>\n","protected":false},"author":2,"featured_media":8895,"comment_status":"open","ping_status":"open","sticky":false,"template":"","format":"standard","meta":{"footnotes":""},"categories":[17],"tags":[],"class_list":["post-8892","post","type-post","status-publish","format-standard","has-post-thumbnail","hentry","category-outras-noticias"],"_links":{"self":[{"href":"https:\/\/tvc16.com\/portal\/wp-json\/wp\/v2\/posts\/8892","targetHints":{"allow":["GET"]}}],"collection":[{"href":"https:\/\/tvc16.com\/portal\/wp-json\/wp\/v2\/posts"}],"about":[{"href":"https:\/\/tvc16.com\/portal\/wp-json\/wp\/v2\/types\/post"}],"author":[{"embeddable":true,"href":"https:\/\/tvc16.com\/portal\/wp-json\/wp\/v2\/users\/2"}],"replies":[{"embeddable":true,"href":"https:\/\/tvc16.com\/portal\/wp-json\/wp\/v2\/comments?post=8892"}],"version-history":[{"count":2,"href":"https:\/\/tvc16.com\/portal\/wp-json\/wp\/v2\/posts\/8892\/revisions"}],"predecessor-version":[{"id":8896,"href":"https:\/\/tvc16.com\/portal\/wp-json\/wp\/v2\/posts\/8892\/revisions\/8896"}],"wp:featuredmedia":[{"embeddable":true,"href":"https:\/\/tvc16.com\/portal\/wp-json\/wp\/v2\/media\/8895"}],"wp:attachment":[{"href":"https:\/\/tvc16.com\/portal\/wp-json\/wp\/v2\/media?parent=8892"}],"wp:term":[{"taxonomy":"category","embeddable":true,"href":"https:\/\/tvc16.com\/portal\/wp-json\/wp\/v2\/categories?post=8892"},{"taxonomy":"post_tag","embeddable":true,"href":"https:\/\/tvc16.com\/portal\/wp-json\/wp\/v2\/tags?post=8892"}],"curies":[{"name":"wp","href":"https:\/\/api.w.org\/{rel}","templated":true}]}}