{"id":8898,"date":"2020-12-29T09:06:49","date_gmt":"2020-12-29T12:06:49","guid":{"rendered":"https:\/\/tvc16.com\/portal\/?p=8898"},"modified":"2020-12-29T09:06:51","modified_gmt":"2020-12-29T12:06:51","slug":"estados-vao-receber-a-vacina-contra-covid-19-ao-mesmo-tempo","status":"publish","type":"post","link":"https:\/\/tvc16.com\/portal\/2020\/12\/29\/estados-vao-receber-a-vacina-contra-covid-19-ao-mesmo-tempo\/","title":{"rendered":"Estados v\u00e3o receber a vacina contra Covid-19 ao mesmo tempo"},"content":{"rendered":"\n<p>&#8220;Independentemente da quantidade que o Brasil tiver de vacinas, ela ser\u00e1 distribu\u00edda dentro da propor\u00e7\u00e3o de cada estado&#8221;, afirmou o ministro da Sa\u00fade<\/p>\n\n\n\n<p>Todos os estados v\u00e3o receber a vacina contra a Covid-19 ao mesmo tempo e independentemente da quantidade que o Brasil tiver de imunizantes, ele ser\u00e1 distribu\u00eddo dentro da propor\u00e7\u00e3o de cada estado, afirmou o ministro da Sa\u00fade, Eduardo Pazuello. A previs\u00e3o do Minist\u00e9rio da Sa\u00fade \u00e9 de ter mais de 24 milh\u00f5es de doses de vacinas dispon\u00edveis em janeiro.<br><br>A expectativa do ministro \u00e9 ter grupos priorit\u00e1rios que come\u00e7ar\u00e1 a receber a primeira dose da vacina at\u00e9 o final de janeiro de 2021. A vacina\u00e7\u00e3o em massa deve come\u00e7ar a partir de fevereiro. Segundo o ministro, a popula\u00e7\u00e3o em geral deve ser imunizada cerca de quatro meses ap\u00f3s o t\u00e9rmino da vacina\u00e7\u00e3o dos grupos priorit\u00e1rios.<br>&nbsp;<\/p>\n\n\n\n<p>Fonte: <a href=\"https:\/\/brasil61.com\/noticias\/estados-vao-receber-a-vacina-contra-covid-19-ao-mesmo-tempo-bras203169?email=bethdeoliveira@yahoo.com.br&amp;utm_source=newsletter&amp;utm_medium=newsletter&amp;utm_campaign=newsletter\" target=\"_blank\" rel=\"noreferrer noopener\">Brasil 61<\/a><\/p>\n","protected":false},"excerpt":{"rendered":"<p>&#8220;Independentemente da quantidade que o Brasil tiver de vacinas, ela ser\u00e1 distribu\u00edda dentro da propor\u00e7\u00e3o<\/p>\n","protected":false},"author":2,"featured_media":8899,"comment_status":"open","ping_status":"open","sticky":false,"template":"","format":"standard","meta":{"footnotes":""},"categories":[17],"tags":[],"class_list":["post-8898","post","type-post","status-publish","format-standard","has-post-thumbnail","hentry","category-outras-noticias"],"_links":{"self":[{"href":"https:\/\/tvc16.com\/portal\/wp-json\/wp\/v2\/posts\/8898","targetHints":{"allow":["GET"]}}],"collection":[{"href":"https:\/\/tvc16.com\/portal\/wp-json\/wp\/v2\/posts"}],"about":[{"href":"https:\/\/tvc16.com\/portal\/wp-json\/wp\/v2\/types\/post"}],"author":[{"embeddable":true,"href":"https:\/\/tvc16.com\/portal\/wp-json\/wp\/v2\/users\/2"}],"replies":[{"embeddable":true,"href":"https:\/\/tvc16.com\/portal\/wp-json\/wp\/v2\/comments?post=8898"}],"version-history":[{"count":1,"href":"https:\/\/tvc16.com\/portal\/wp-json\/wp\/v2\/posts\/8898\/revisions"}],"predecessor-version":[{"id":8900,"href":"https:\/\/tvc16.com\/portal\/wp-json\/wp\/v2\/posts\/8898\/revisions\/8900"}],"wp:featuredmedia":[{"embeddable":true,"href":"https:\/\/tvc16.com\/portal\/wp-json\/wp\/v2\/media\/8899"}],"wp:attachment":[{"href":"https:\/\/tvc16.com\/portal\/wp-json\/wp\/v2\/media?parent=8898"}],"wp:term":[{"taxonomy":"category","embeddable":true,"href":"https:\/\/tvc16.com\/portal\/wp-json\/wp\/v2\/categories?post=8898"},{"taxonomy":"post_tag","embeddable":true,"href":"https:\/\/tvc16.com\/portal\/wp-json\/wp\/v2\/tags?post=8898"}],"curies":[{"name":"wp","href":"https:\/\/api.w.org\/{rel}","templated":true}]}}