{"id":8916,"date":"2020-12-29T14:05:37","date_gmt":"2020-12-29T17:05:37","guid":{"rendered":"https:\/\/tvc16.com\/portal\/?p=8916"},"modified":"2020-12-29T14:05:39","modified_gmt":"2020-12-29T17:05:39","slug":"pagamentos-de-todos-os-servidores-comecam-a-ser-efetuados-hoje-29-e-terminam-na-proxima-terca-feira-05-01","status":"publish","type":"post","link":"https:\/\/tvc16.com\/portal\/2020\/12\/29\/pagamentos-de-todos-os-servidores-comecam-a-ser-efetuados-hoje-29-e-terminam-na-proxima-terca-feira-05-01\/","title":{"rendered":"Pagamentos de todos os servidores come\u00e7am a ser efetuados hoje (29) e terminam na pr\u00f3xima ter\u00e7a-feira (05\/01)"},"content":{"rendered":"\n<p><strong>Prefeitura paga tri\u00eanios atrasados desde 2015 para servidores da Educa\u00e7\u00e3o<\/strong><\/p>\n\n\n\n<p>O prefeito Bernardo Rossi libera, no pagamento deste m\u00eas de dezembro, mais uma leva dos tri\u00eanios &#8211; abono que estava congelado desde 2015 \u2013 para servidores da Educa\u00e7\u00e3o. Desta vez, 2.259 funcion\u00e1rios ter\u00e3o os adicionais incorporados ao vencimento. Importante lembrar que todos os servidores do munic\u00edpio receber\u00e3o os sal\u00e1rios de dezembro em dia. Os pagamentos come\u00e7am a ser feitos hoje (29\/12) e v\u00e3o at\u00e9 ter\u00e7a-feira (05\/01).<\/p>\n\n\n\n<p>O aporte na folha de pagamento da Educa\u00e7\u00e3o ultrapassa os R$ 3 milh\u00f5es com o adicional dos tri\u00eanios atrasados e a libera\u00e7\u00e3o come\u00e7ou nessa ter\u00e7a-feira (29).<\/p>\n\n\n\n<p>\u201cCome\u00e7amos a liberar a progress\u00e3o em 2019 e, felizmente, com muita responsabilidade na gest\u00e3o, tivemos como liberar o pagamento dos tri\u00eanios atrasados. Essa \u00e9 a segunda leva de pagamentos. O aumento real nos sal\u00e1rios \u00e9 importante e faz diferen\u00e7a no vencimento do servidor\u201d, afirma o prefeito Bernardo Rossi.<\/p>\n\n\n\n<p>A secret\u00e1ria de Educa\u00e7\u00e3o, Marcia Palma, salienta a import\u00e2ncia do pagamento. \u201cOs servidores aguardam pela libera\u00e7\u00e3o dos atrasados desde 2015. \u00c9 um direito e representa um aumento real nos sal\u00e1rios\u201d.<\/p>\n\n\n\n<p>O tri\u00eanio \u00e9 o adicional por tempo de servi\u00e7o que prev\u00ea \u00e0 raz\u00e3o de 5% (cinco por cento) a cada 3 (tr\u00eas) anos de servi\u00e7o p\u00fablico efetivo prestado, ao munic\u00edpio, estado e uni\u00e3o no que se refere \u00e0 administra\u00e7\u00e3o direta, \u00e0s autarquias e \u00e0s funda\u00e7\u00f5es p\u00fablicas, incidente exclusivamente sobre o vencimento b\u00e1sico do cargo efetivo, conforme prev\u00ea o artigo 110 da Lei 6.946\/2012.<\/p>\n\n\n\n<p><strong>Sal\u00e1rios do m\u00eas de dezembro dos servidores come\u00e7am a ser efetuados hoje<\/strong><\/p>\n\n\n\n<p>&nbsp;&nbsp;&nbsp;&nbsp;&nbsp;&nbsp;&nbsp;&nbsp;&nbsp;&nbsp;&nbsp; Nesta ter\u00e7a-feira a prefeitura come\u00e7ou a efetuar o pagamento dos sal\u00e1rios de dezembro dos servidores do munic\u00edpio. Os pagamentos v\u00e3o continuar sendo realizados na quarta e quinta-feira e terminam na pr\u00f3xima ter\u00e7a-feira (05).<\/p>\n\n\n\n<p>\u00a0\u00a0\u00a0\u00a0\u00a0\u00a0\u00a0\u00a0\u00a0\u00a0\u00a0<\/p>\n\n\n\n<p>\u00a0\u00a0\u00a0\u00a0\u00a0\u00a0\u00a0\u00a0\u00a0\u00a0\u00a0<\/p>\n","protected":false},"excerpt":{"rendered":"<p>Prefeitura paga tri\u00eanios atrasados desde 2015 para servidores da Educa\u00e7\u00e3o O prefeito Bernardo Rossi libera,<\/p>\n","protected":false},"author":2,"featured_media":8917,"comment_status":"open","ping_status":"open","sticky":false,"template":"","format":"standard","meta":{"footnotes":""},"categories":[12],"tags":[],"class_list":["post-8916","post","type-post","status-publish","format-standard","has-post-thumbnail","hentry","category-cidade"],"_links":{"self":[{"href":"https:\/\/tvc16.com\/portal\/wp-json\/wp\/v2\/posts\/8916","targetHints":{"allow":["GET"]}}],"collection":[{"href":"https:\/\/tvc16.com\/portal\/wp-json\/wp\/v2\/posts"}],"about":[{"href":"https:\/\/tvc16.com\/portal\/wp-json\/wp\/v2\/types\/post"}],"author":[{"embeddable":true,"href":"https:\/\/tvc16.com\/portal\/wp-json\/wp\/v2\/users\/2"}],"replies":[{"embeddable":true,"href":"https:\/\/tvc16.com\/portal\/wp-json\/wp\/v2\/comments?post=8916"}],"version-history":[{"count":1,"href":"https:\/\/tvc16.com\/portal\/wp-json\/wp\/v2\/posts\/8916\/revisions"}],"predecessor-version":[{"id":8918,"href":"https:\/\/tvc16.com\/portal\/wp-json\/wp\/v2\/posts\/8916\/revisions\/8918"}],"wp:featuredmedia":[{"embeddable":true,"href":"https:\/\/tvc16.com\/portal\/wp-json\/wp\/v2\/media\/8917"}],"wp:attachment":[{"href":"https:\/\/tvc16.com\/portal\/wp-json\/wp\/v2\/media?parent=8916"}],"wp:term":[{"taxonomy":"category","embeddable":true,"href":"https:\/\/tvc16.com\/portal\/wp-json\/wp\/v2\/categories?post=8916"},{"taxonomy":"post_tag","embeddable":true,"href":"https:\/\/tvc16.com\/portal\/wp-json\/wp\/v2\/tags?post=8916"}],"curies":[{"name":"wp","href":"https:\/\/api.w.org\/{rel}","templated":true}]}}