{"id":8919,"date":"2020-12-29T16:40:14","date_gmt":"2020-12-29T19:40:14","guid":{"rendered":"https:\/\/tvc16.com\/portal\/?p=8919"},"modified":"2020-12-29T16:40:16","modified_gmt":"2020-12-29T19:40:16","slug":"secretaria-de-educacao-faz-homenagem-ao-subtenente-hermann-da-policia-militar","status":"publish","type":"post","link":"https:\/\/tvc16.com\/portal\/2020\/12\/29\/secretaria-de-educacao-faz-homenagem-ao-subtenente-hermann-da-policia-militar\/","title":{"rendered":"Secretaria de Educa\u00e7\u00e3o faz homenagem ao subtenente Hermann, da Pol\u00edcia Militar"},"content":{"rendered":"\n<p><\/p>\n\n\n\n<p>A Secret\u00e1ria de Educa\u00e7\u00e3o, M\u00e1rcia Palma, entregou nessa ter\u00e7a-feira (29) uma homenagem ao subtenente Hermann da PM, que est\u00e1 se aposentando ap\u00f3s 30 anos de servi\u00e7os prestados \u00e0 comunidade. O subtenente atuou na rede municipal de educa\u00e7\u00e3o como instrutor do PROERD &#8211; Programa Educacional de Resist\u00eancia \u00e0s Drogas e \u00e0 Viol\u00eancia.<\/p>\n\n\n\n<p>&#8220;Alegria enorme e sensa\u00e7\u00e3o de dever cumprido. Foi muito gratificante. Agrade\u00e7o o carinho e o reconhecimento&#8221;, disse o subtenente Hermann.<\/p>\n\n\n\n<figure class=\"wp-block-image size-large\"><img loading=\"lazy\" decoding=\"async\" width=\"1024\" height=\"485\" src=\"https:\/\/tvc16.com\/portal\/wp-content\/uploads\/2020\/12\/IMG_20201229_155744151-1024x485.jpg\" alt=\"\" class=\"wp-image-8920\" srcset=\"https:\/\/tvc16.com\/portal\/wp-content\/uploads\/2020\/12\/IMG_20201229_155744151-1024x485.jpg 1024w, https:\/\/tvc16.com\/portal\/wp-content\/uploads\/2020\/12\/IMG_20201229_155744151-300x142.jpg 300w, https:\/\/tvc16.com\/portal\/wp-content\/uploads\/2020\/12\/IMG_20201229_155744151-768x364.jpg 768w, https:\/\/tvc16.com\/portal\/wp-content\/uploads\/2020\/12\/IMG_20201229_155744151-1536x728.jpg 1536w, https:\/\/tvc16.com\/portal\/wp-content\/uploads\/2020\/12\/IMG_20201229_155744151-2048x970.jpg 2048w\" sizes=\"auto, (max-width: 1024px) 100vw, 1024px\" \/><\/figure>\n","protected":false},"excerpt":{"rendered":"<p>A Secret\u00e1ria de Educa\u00e7\u00e3o, M\u00e1rcia Palma, entregou nessa ter\u00e7a-feira (29) uma homenagem ao subtenente Hermann<\/p>\n","protected":false},"author":2,"featured_media":8921,"comment_status":"open","ping_status":"open","sticky":false,"template":"","format":"standard","meta":{"footnotes":""},"categories":[12],"tags":[],"class_list":["post-8919","post","type-post","status-publish","format-standard","has-post-thumbnail","hentry","category-cidade"],"_links":{"self":[{"href":"https:\/\/tvc16.com\/portal\/wp-json\/wp\/v2\/posts\/8919","targetHints":{"allow":["GET"]}}],"collection":[{"href":"https:\/\/tvc16.com\/portal\/wp-json\/wp\/v2\/posts"}],"about":[{"href":"https:\/\/tvc16.com\/portal\/wp-json\/wp\/v2\/types\/post"}],"author":[{"embeddable":true,"href":"https:\/\/tvc16.com\/portal\/wp-json\/wp\/v2\/users\/2"}],"replies":[{"embeddable":true,"href":"https:\/\/tvc16.com\/portal\/wp-json\/wp\/v2\/comments?post=8919"}],"version-history":[{"count":1,"href":"https:\/\/tvc16.com\/portal\/wp-json\/wp\/v2\/posts\/8919\/revisions"}],"predecessor-version":[{"id":8922,"href":"https:\/\/tvc16.com\/portal\/wp-json\/wp\/v2\/posts\/8919\/revisions\/8922"}],"wp:featuredmedia":[{"embeddable":true,"href":"https:\/\/tvc16.com\/portal\/wp-json\/wp\/v2\/media\/8921"}],"wp:attachment":[{"href":"https:\/\/tvc16.com\/portal\/wp-json\/wp\/v2\/media?parent=8919"}],"wp:term":[{"taxonomy":"category","embeddable":true,"href":"https:\/\/tvc16.com\/portal\/wp-json\/wp\/v2\/categories?post=8919"},{"taxonomy":"post_tag","embeddable":true,"href":"https:\/\/tvc16.com\/portal\/wp-json\/wp\/v2\/tags?post=8919"}],"curies":[{"name":"wp","href":"https:\/\/api.w.org\/{rel}","templated":true}]}}