{"id":8923,"date":"2020-12-29T16:47:05","date_gmt":"2020-12-29T19:47:05","guid":{"rendered":"https:\/\/tvc16.com\/portal\/?p=8923"},"modified":"2020-12-30T09:23:46","modified_gmt":"2020-12-30T12:23:46","slug":"centro-de-saude-recebe-novo-mamografo-equipamento-vai-realizar-ate-600-exames-por-mes-previsao-e-de-que-os-atendimentos-tenham-inicio-no-dia-04-01","status":"publish","type":"post","link":"https:\/\/tvc16.com\/portal\/2020\/12\/29\/centro-de-saude-recebe-novo-mamografo-equipamento-vai-realizar-ate-600-exames-por-mes-previsao-e-de-que-os-atendimentos-tenham-inicio-no-dia-04-01\/","title":{"rendered":"Centro de Sa\u00fade recebe  novo mam\u00f3grafo. Equipamento vai realizar at\u00e9 600 exames por m\u00eas. Previs\u00e3o \u00e9 de que os atendimentos tenham in\u00edcio no dia 04.01"},"content":{"rendered":"\n<p>O prefeito Bernardo Rossi, entregou na manh\u00e3 desta ter\u00e7a-feira (29), o novo mam\u00f3grafo do Centro de Sa\u00fade.&nbsp;As obras e montagem do aparelho, que tiveram in\u00edcio h\u00e1 cerca de um m\u00eas, prepararam o local que abriga o novo equipamento. No trabalho, aparelhos de ar-condicionado e um termohigr\u00f4metro tamb\u00e9m foram instalados, para a aferi\u00e7\u00e3o constante de temperatura e umidade do local. Os exames ter\u00e3o in\u00edcio na pr\u00f3xima segunda-feira (04.01). Rossi estava acompanhado pelo vice-prefeito Baninho e pela secret\u00e1ria de Sa\u00fade, Fabiola Heck.<\/p>\n\n\n\n<figure class=\"wp-block-image size-large\"><img loading=\"lazy\" decoding=\"async\" width=\"1024\" height=\"768\" src=\"https:\/\/tvc16.com\/portal\/wp-content\/uploads\/2020\/12\/WhatsApp-Image-2020-12-29-at-15.08.28-1-1024x768.jpeg\" alt=\"\" class=\"wp-image-8924\" srcset=\"https:\/\/tvc16.com\/portal\/wp-content\/uploads\/2020\/12\/WhatsApp-Image-2020-12-29-at-15.08.28-1-1024x768.jpeg 1024w, https:\/\/tvc16.com\/portal\/wp-content\/uploads\/2020\/12\/WhatsApp-Image-2020-12-29-at-15.08.28-1-300x225.jpeg 300w, https:\/\/tvc16.com\/portal\/wp-content\/uploads\/2020\/12\/WhatsApp-Image-2020-12-29-at-15.08.28-1-768x576.jpeg 768w, https:\/\/tvc16.com\/portal\/wp-content\/uploads\/2020\/12\/WhatsApp-Image-2020-12-29-at-15.08.28-1-200x150.jpeg 200w, https:\/\/tvc16.com\/portal\/wp-content\/uploads\/2020\/12\/WhatsApp-Image-2020-12-29-at-15.08.28-1.jpeg 1280w\" sizes=\"auto, (max-width: 1024px) 100vw, 1024px\" \/><\/figure>\n\n\n\n<p>O novo mam\u00f3grafo digital de Petr\u00f3polis vai realizar at\u00e9 600 exames por m\u00eas. Esse n\u00famero \u00e9 o dobro da quantidade realizada pelo antigo equipamento anal\u00f3gico. Instalado no Centro de Sa\u00fade Coletiva Professor Manoel Jos\u00e9 Ferreira, na Rua Santos Dumont (Centro), o equipamento vai ampliar a oferta de exames na rede do Sistema \u00danico de Sa\u00fade (SUS) de Petr\u00f3polis.&nbsp;A expectativa da unidade \u00e9 realizar exames tamb\u00e9m aos finais de semana para dar ainda mais agilidade \u00e0 demanda atual.<\/p>\n\n\n\n<p>\u201cO novo mam\u00f3grafo vai dobrar a quantidade de exames e, desta forma, dar ainda mais agilidade a quem tem urg\u00eancia em seus diagn\u00f3sticos. \u00c9 de fundamental import\u00e2ncia que as mulheres continuem se cuidando, em todas as idades. O equipamento veio trazer ainda mais sa\u00fade para a popula\u00e7\u00e3o\u201d, afirmou o prefeito Bernardo Rossi.<\/p>\n\n\n\n<p>Vale lembrar que as obras foram necess\u00e1rias devido \u00e0s recomenda\u00e7\u00f5es da empresa que produziu o mam\u00f3grafo. O equipamento, adquirido atrav\u00e9s de uma emenda parlamentar, vem substituir o antigo mam\u00f3grafo da unidade que n\u00e3o possu\u00eda mais manuten\u00e7\u00e3o. Atualmente, as mamografias v\u00eam sendo realizadas no Hospital Alcides Carneiro (HAC) e em duas cl\u00ednicas contratadas. Para realizar as mamografias no Centro de Sa\u00fade, as pacientes precisam ter, al\u00e9m de avalia\u00e7\u00e3o peri\u00f3dica, um pedido m\u00e9dico com a indica\u00e7\u00e3o do exame. A obra de instala\u00e7\u00e3o foi uma parceria com Centro Universit\u00e1rio Arthur S\u00e1 Earp Neto (UNIFASE). O antigo mam\u00f3grafo tinha 32 anos de uso, foi instalado em 1988.<br><\/p>\n","protected":false},"excerpt":{"rendered":"<p>O prefeito Bernardo Rossi, entregou na manh\u00e3 desta ter\u00e7a-feira (29), o novo mam\u00f3grafo do Centro<\/p>\n","protected":false},"author":2,"featured_media":8937,"comment_status":"open","ping_status":"open","sticky":false,"template":"","format":"standard","meta":{"footnotes":""},"categories":[12],"tags":[],"class_list":["post-8923","post","type-post","status-publish","format-standard","has-post-thumbnail","hentry","category-cidade"],"_links":{"self":[{"href":"https:\/\/tvc16.com\/portal\/wp-json\/wp\/v2\/posts\/8923","targetHints":{"allow":["GET"]}}],"collection":[{"href":"https:\/\/tvc16.com\/portal\/wp-json\/wp\/v2\/posts"}],"about":[{"href":"https:\/\/tvc16.com\/portal\/wp-json\/wp\/v2\/types\/post"}],"author":[{"embeddable":true,"href":"https:\/\/tvc16.com\/portal\/wp-json\/wp\/v2\/users\/2"}],"replies":[{"embeddable":true,"href":"https:\/\/tvc16.com\/portal\/wp-json\/wp\/v2\/comments?post=8923"}],"version-history":[{"count":2,"href":"https:\/\/tvc16.com\/portal\/wp-json\/wp\/v2\/posts\/8923\/revisions"}],"predecessor-version":[{"id":8938,"href":"https:\/\/tvc16.com\/portal\/wp-json\/wp\/v2\/posts\/8923\/revisions\/8938"}],"wp:featuredmedia":[{"embeddable":true,"href":"https:\/\/tvc16.com\/portal\/wp-json\/wp\/v2\/media\/8937"}],"wp:attachment":[{"href":"https:\/\/tvc16.com\/portal\/wp-json\/wp\/v2\/media?parent=8923"}],"wp:term":[{"taxonomy":"category","embeddable":true,"href":"https:\/\/tvc16.com\/portal\/wp-json\/wp\/v2\/categories?post=8923"},{"taxonomy":"post_tag","embeddable":true,"href":"https:\/\/tvc16.com\/portal\/wp-json\/wp\/v2\/tags?post=8923"}],"curies":[{"name":"wp","href":"https:\/\/api.w.org\/{rel}","templated":true}]}}