{"id":8927,"date":"2020-12-29T16:48:50","date_gmt":"2020-12-29T19:48:50","guid":{"rendered":"https:\/\/tvc16.com\/portal\/?p=8927"},"modified":"2020-12-29T16:48:52","modified_gmt":"2020-12-29T19:48:52","slug":"rio-de-janeiro-prefeitura-vai-fechar-praias-para-impedir-aglomeracoes-durante-o-reveillon","status":"publish","type":"post","link":"https:\/\/tvc16.com\/portal\/2020\/12\/29\/rio-de-janeiro-prefeitura-vai-fechar-praias-para-impedir-aglomeracoes-durante-o-reveillon\/","title":{"rendered":"Rio de Janeiro: prefeitura vai fechar praias para impedir aglomera\u00e7\u00f5es durante o R\u00e9veillon"},"content":{"rendered":"\n<p>Acesso \u00e0 praia, queima de fogos e circula\u00e7\u00e3o de transporte p\u00fablico est\u00e3o entre as restri\u00e7\u00f5es<\/p>\n\n\n\n<p>A Prefeitura do Rio de Janeiro estendeu para toda a orla da cidade os bloqueios da noite do R\u00e9veillon, entre quinta (31) e sexta-feira (1\u00ba). Assim, do Leme ao Pontal, uma s\u00e9rie de regras estar\u00e3o em vigor para impedir aglomera\u00e7\u00e3o de pessoas na passagem de ano.&nbsp;<\/p>\n\n\n\n<p>As medidas j\u00e1 estavam previstas para a praia de Copacabana, onde ocorre a tradicional festa do Ano Novo carioca, mas foram estendidas pelo prefeito em exerc\u00edcio da cidade, Jorge Felippe (DEM).&nbsp;<\/p>\n\n\n\n<p><a href=\"https:\/\/brasil61.com\/noticias\/parceria-entre-butantan-e-fnp-quer-facilitar-compra-da-vacina-contra-covid-19-bras203134\">Parceria entre Butantan e FNP quer facilitar compra da vacina contra covid-19<\/a><\/p>\n\n\n\n<p><a href=\"https:\/\/brasil61.com\/noticias\/estados-vao-receber-a-vacina-contra-covid-19-ao-mesmo-tempo-bras203169\">Estados v\u00e3o receber a vacina contra Covid-19 ao mesmo tempo<\/a><\/p>\n\n\n\n<p>O acesso \u00e0 praia est\u00e1 proibido para quem n\u00e3o mora nos bairros, bem como o estacionamento na orla e ruas do entorno, as festas e equipamentos de som na orla, a queima de fogos, os barraqueiros em pontos fixos e a circula\u00e7\u00e3o do transporte p\u00fablico.&nbsp;<\/p>\n\n\n\n<p>As medidas, de acordo com a prefeitura, ocorrem em mem\u00f3ria e respeito \u00e0s mais de 190 mil v\u00edtimas da Covid-19 no Brasil, al\u00e9m de tentarem diminuir a propaga\u00e7\u00e3o do novo coronav\u00edrus pela capital fluminense.&nbsp;<\/p>\n\n\n\n<p>Fonte: <a href=\"https:\/\/brasil61.com\/noticias\/rio-de-janeiro-prefeitura-vai-fechar-praias-para-impedir-aglomeracoes-durante-o-reveillon-bras203183?email=bethdeoliveira@yahoo.com.br&amp;utm_source=email_individual&amp;utm_medium=email_individual&amp;utm_campaign=email_individual\" target=\"_blank\" rel=\"noreferrer noopener\">Brasil 61<\/a><\/p>\n","protected":false},"excerpt":{"rendered":"<p>Acesso \u00e0 praia, queima de fogos e circula\u00e7\u00e3o de transporte p\u00fablico est\u00e3o entre as restri\u00e7\u00f5es<\/p>\n","protected":false},"author":2,"featured_media":8928,"comment_status":"open","ping_status":"open","sticky":false,"template":"","format":"standard","meta":{"footnotes":""},"categories":[17],"tags":[],"class_list":["post-8927","post","type-post","status-publish","format-standard","has-post-thumbnail","hentry","category-outras-noticias"],"_links":{"self":[{"href":"https:\/\/tvc16.com\/portal\/wp-json\/wp\/v2\/posts\/8927","targetHints":{"allow":["GET"]}}],"collection":[{"href":"https:\/\/tvc16.com\/portal\/wp-json\/wp\/v2\/posts"}],"about":[{"href":"https:\/\/tvc16.com\/portal\/wp-json\/wp\/v2\/types\/post"}],"author":[{"embeddable":true,"href":"https:\/\/tvc16.com\/portal\/wp-json\/wp\/v2\/users\/2"}],"replies":[{"embeddable":true,"href":"https:\/\/tvc16.com\/portal\/wp-json\/wp\/v2\/comments?post=8927"}],"version-history":[{"count":1,"href":"https:\/\/tvc16.com\/portal\/wp-json\/wp\/v2\/posts\/8927\/revisions"}],"predecessor-version":[{"id":8929,"href":"https:\/\/tvc16.com\/portal\/wp-json\/wp\/v2\/posts\/8927\/revisions\/8929"}],"wp:featuredmedia":[{"embeddable":true,"href":"https:\/\/tvc16.com\/portal\/wp-json\/wp\/v2\/media\/8928"}],"wp:attachment":[{"href":"https:\/\/tvc16.com\/portal\/wp-json\/wp\/v2\/media?parent=8927"}],"wp:term":[{"taxonomy":"category","embeddable":true,"href":"https:\/\/tvc16.com\/portal\/wp-json\/wp\/v2\/categories?post=8927"},{"taxonomy":"post_tag","embeddable":true,"href":"https:\/\/tvc16.com\/portal\/wp-json\/wp\/v2\/tags?post=8927"}],"curies":[{"name":"wp","href":"https:\/\/api.w.org\/{rel}","templated":true}]}}