{"id":8931,"date":"2020-12-29T21:16:04","date_gmt":"2020-12-30T00:16:04","guid":{"rendered":"https:\/\/tvc16.com\/portal\/?p=8931"},"modified":"2020-12-29T21:16:07","modified_gmt":"2020-12-30T00:16:07","slug":"profissionais-de-saude-tem-ate-a-proxima-quinta-feira-31-para-aderir-ao-consultorio-virtual","status":"publish","type":"post","link":"https:\/\/tvc16.com\/portal\/2020\/12\/29\/profissionais-de-saude-tem-ate-a-proxima-quinta-feira-31-para-aderir-ao-consultorio-virtual\/","title":{"rendered":"Profissionais de sa\u00fade t\u00eam at\u00e9 a pr\u00f3xima quinta-feira (31) para aderir ao Consult\u00f3rio Virtual"},"content":{"rendered":"\n<p>Iniciativa do Minist\u00e9rio da Sa\u00fade permite que m\u00e9dicos, enfermeiros e dentistas emitam atestados, solicitem exames e prescrevam medicamentos aos pacientes, tudo de forma on-line<\/p>\n\n\n\n<p>M\u00e9dicos, enfermeiros e dentistas t\u00eam at\u00e9 31 de dezembro para aderir ao Consult\u00f3rio Virtual na Aten\u00e7\u00e3o Prim\u00e1ria \u00e0 Sa\u00fade (APS). A ferramenta criada pelo Minist\u00e9rio da Sa\u00fade visa facilitar o contato entre profissionais de sa\u00fade e usu\u00e1rios do SUS, o Sistema \u00danico de Sa\u00fade.&nbsp;<\/p>\n\n\n\n<p>Por meio da plataforma, \u00e9 poss\u00edvel emitir atestados, solicitar exames e prescrever medicamentos, tudo de forma on-line. A iniciativa, segundo o \u00f3rg\u00e3o, permitiu que pacientes com doen\u00e7as cr\u00f4nicas, como hipertens\u00e3o e diabetes, mais vulner\u00e1veis \u00e0 Covid-19, pudessem seguir com acompanhamento m\u00e9dico \u00e0 dist\u00e2ncia durante a pandemia.&nbsp;<\/p>\n\n\n\n<p>De acordo com o Minist\u00e9rio da Sa\u00fade, desde maio, quando foi lan\u00e7ada, a ferramenta j\u00e1 permitiu mais de 25 mil atendimentos, 13 mil prescri\u00e7\u00f5es simples, 5 mil prescri\u00e7\u00f5es m\u00e9dicas, 5 mil solicita\u00e7\u00f5es de exames e mais de mil atestados.&nbsp;<\/p>\n\n\n\n<p>Fonte: <a href=\"https:\/\/brasil61.com\/noticias\/profissionais-de-saude-tem-ate-a-proxima-quinta-feira-31-para-aderir-ao-consultorio-virtual-bras203185?email=bethdeoliveira@yahoo.com.br&amp;utm_source=newsletter&amp;utm_medium=newsletter&amp;utm_campaign=newsletter\" target=\"_blank\" rel=\"noreferrer noopener\">Brasil 61<\/a><\/p>\n","protected":false},"excerpt":{"rendered":"<p>Iniciativa do Minist\u00e9rio da Sa\u00fade permite que m\u00e9dicos, enfermeiros e dentistas emitam atestados, solicitem exames<\/p>\n","protected":false},"author":2,"featured_media":8932,"comment_status":"open","ping_status":"open","sticky":false,"template":"","format":"standard","meta":{"footnotes":""},"categories":[17],"tags":[],"class_list":["post-8931","post","type-post","status-publish","format-standard","has-post-thumbnail","hentry","category-outras-noticias"],"_links":{"self":[{"href":"https:\/\/tvc16.com\/portal\/wp-json\/wp\/v2\/posts\/8931","targetHints":{"allow":["GET"]}}],"collection":[{"href":"https:\/\/tvc16.com\/portal\/wp-json\/wp\/v2\/posts"}],"about":[{"href":"https:\/\/tvc16.com\/portal\/wp-json\/wp\/v2\/types\/post"}],"author":[{"embeddable":true,"href":"https:\/\/tvc16.com\/portal\/wp-json\/wp\/v2\/users\/2"}],"replies":[{"embeddable":true,"href":"https:\/\/tvc16.com\/portal\/wp-json\/wp\/v2\/comments?post=8931"}],"version-history":[{"count":1,"href":"https:\/\/tvc16.com\/portal\/wp-json\/wp\/v2\/posts\/8931\/revisions"}],"predecessor-version":[{"id":8933,"href":"https:\/\/tvc16.com\/portal\/wp-json\/wp\/v2\/posts\/8931\/revisions\/8933"}],"wp:featuredmedia":[{"embeddable":true,"href":"https:\/\/tvc16.com\/portal\/wp-json\/wp\/v2\/media\/8932"}],"wp:attachment":[{"href":"https:\/\/tvc16.com\/portal\/wp-json\/wp\/v2\/media?parent=8931"}],"wp:term":[{"taxonomy":"category","embeddable":true,"href":"https:\/\/tvc16.com\/portal\/wp-json\/wp\/v2\/categories?post=8931"},{"taxonomy":"post_tag","embeddable":true,"href":"https:\/\/tvc16.com\/portal\/wp-json\/wp\/v2\/tags?post=8931"}],"curies":[{"name":"wp","href":"https:\/\/api.w.org\/{rel}","templated":true}]}}