{"id":8939,"date":"2020-12-30T12:31:46","date_gmt":"2020-12-30T15:31:46","guid":{"rendered":"https:\/\/tvc16.com\/portal\/?p=8939"},"modified":"2020-12-30T12:31:49","modified_gmt":"2020-12-30T15:31:49","slug":"policia-rodoviaria-federal-reforcara-fiscalizacao-nas-estradas","status":"publish","type":"post","link":"https:\/\/tvc16.com\/portal\/2020\/12\/30\/policia-rodoviaria-federal-reforcara-fiscalizacao-nas-estradas\/","title":{"rendered":"Pol\u00edcia Rodovi\u00e1ria Federal refor\u00e7ar\u00e1 fiscaliza\u00e7\u00e3o nas estradas"},"content":{"rendered":"\n<h3 class=\"wp-block-heading\">Meta \u00e9 garantir a seguran\u00e7a vi\u00e1ria, o conforto e a fluidez do tr\u00e2nsito<\/h3>\n\n\n\n<p>Com a chegada dos feriados de fim de ano e o aumento no fluxo de ve\u00edculos nas estradas, a Pol\u00edcia Rodovi\u00e1ria Federal (PRF) refor\u00e7ar\u00e1 em todo o pa\u00eds a seguran\u00e7a em trechos estrat\u00e9gicos das rodovias, enfatizando as a\u00e7\u00f5es preventivas para redu\u00e7\u00e3o da viol\u00eancia e acidentes de tr\u00e2nsito. A meta \u00e9 garantir a seguran\u00e7a vi\u00e1ria, o conforto e a fluidez do tr\u00e2nsito.<img decoding=\"async\" src=\"https:\/\/agenciabrasil.ebc.com.br\/ebc.png?id=1397567&amp;o=node\"><img decoding=\"async\" src=\"https:\/\/agenciabrasil.ebc.com.br\/ebc.gif?id=1397567&amp;o=node\"><\/p>\n\n\n\n<p>Segundo informa\u00e7\u00f5es da PRF, a fiscaliza\u00e7\u00e3o e o policiamento ser\u00e3o intensificados por meio de rondas ostensivas nas rodovias e do posicionamento estrat\u00e9gico de viaturas e policiais ao longo dos trechos mais movimentados e considerados pontos cr\u00edticos, pelo alto \u00edndice de acidentes e pela elevada taxa de cometimento de infra\u00e7\u00f5es de tr\u00e2nsito.<\/p>\n\n\n\n<p>Entre as orienta\u00e7\u00f5es da PFR para quem vai viajar, figura a revis\u00e3o preventiva do ve\u00edculo mesmo para pequenas viagens. Os cuidados incluem pneus em bom estado e a calibragem adequada; revis\u00e3o do motor, com \u00f3leo e n\u00edvel da \u00e1gua do radiador corretos; equipamentos obrigat\u00f3rios, como pneu estepe, macaco, tri\u00e2ngulo e chave de roda, limpadores de para-brisa e luzes do ve\u00edculo.<\/p>\n\n\n\n<p>\u00c9 preciso ainda lembrar de manter os far\u00f3is acesos para ser visto pelos outros carros e sempre prestar aten\u00e7\u00e3o \u00e0s placas de limite de velocidade e condi\u00e7\u00f5es de ultrapassagem. Nos dias chuvosos o cuidado deve ser redobrado, com a velocidade moderada, andando sempre \u00e0 direita da via, mantendo dist\u00e2ncia segura do outro ve\u00edculo que segue na frente e evitando manobras e freadas bruscas. Todos os ocupantes do ve\u00edculo devem usar o cinto de seguran\u00e7a.<\/p>\n\n\n\n<h2 class=\"wp-block-heading\">Hipnose rodovi\u00e1ria<\/h2>\n\n\n\n<p>A Pol\u00edcia Rodovi\u00e1ria Federal orienta os motoristas para que programem paradas a cada tr\u00eas horas no caso de viagens mais longas para evitar a hipnose rodovi\u00e1ria, estado em que os olhos se mant\u00eam abertos, mas sem percep\u00e7\u00e3o do que est\u00e1 acontecendo. Nesses casos, a pessoa sente sono e tem perda de reflexos e de for\u00e7a motora.&nbsp;<\/p>\n\n\n\n<p>\u201cBuscar evitar, na medida do poss\u00edvel, os hor\u00e1rios de pico. Dirigir cansado ou com sono aumenta o risco de o motorista cometer erros\u201d, diz a PRF.<\/p>\n\n\n\n<figure class=\"wp-block-image size-large\"><img loading=\"lazy\" decoding=\"async\" width=\"754\" height=\"492\" src=\"https:\/\/tvc16.com\/portal\/wp-content\/uploads\/2020\/12\/caminhoes_em_estradas.jpg\" alt=\"\" class=\"wp-image-8941\" srcset=\"https:\/\/tvc16.com\/portal\/wp-content\/uploads\/2020\/12\/caminhoes_em_estradas.jpg 754w, https:\/\/tvc16.com\/portal\/wp-content\/uploads\/2020\/12\/caminhoes_em_estradas-300x196.jpg 300w, https:\/\/tvc16.com\/portal\/wp-content\/uploads\/2020\/12\/caminhoes_em_estradas-370x241.jpg 370w\" sizes=\"auto, (max-width: 754px) 100vw, 754px\" \/><\/figure>\n\n\n\n<p>Arteris, concession\u00e1ria que administra 3.200 km de rodovias nos estados de S\u00e3o Paulo, Minas Gerais, Rio de Janeiro, Santa Catarina e Paran\u00e1, lembra que o motorista deve listar as pra\u00e7as de ped\u00e1gio do trajeto para planejar seus gastos e evitar muito tempo de manuseio com o dinheiro.&nbsp;<\/p>\n\n\n\n<p>A empresa indica que, sempre que poss\u00edvel, o motorista utilize as cabines de cobran\u00e7a autom\u00e1tica para agilizar o percurso e evitar o contato com o papel-moeda.<\/p>\n\n\n\n<p>A concession\u00e1ria tamb\u00e9m alerta para que o excesso de peso seja evitado, j\u00e1 que o freio \u00e9 afetado pela carga extra, principalmente em regi\u00f5es de serra, podendo causar problemas mec\u00e2nicos e acidentes.<\/p>\n\n\n\n<p>Por Fl\u00e1via Albuquerque &#8211; Rep\u00f3rter da Ag\u00eancia Brasil &#8211; S\u00e3o Paulo<\/p>\n\n\n\n<p>Edi\u00e7\u00e3o: Kleber Sampaio<\/p>\n","protected":false},"excerpt":{"rendered":"<p>Meta \u00e9 garantir a seguran\u00e7a vi\u00e1ria, o conforto e a fluidez do tr\u00e2nsito Com a<\/p>\n","protected":false},"author":2,"featured_media":8940,"comment_status":"open","ping_status":"open","sticky":false,"template":"","format":"standard","meta":{"footnotes":""},"categories":[17],"tags":[],"class_list":["post-8939","post","type-post","status-publish","format-standard","has-post-thumbnail","hentry","category-outras-noticias"],"_links":{"self":[{"href":"https:\/\/tvc16.com\/portal\/wp-json\/wp\/v2\/posts\/8939","targetHints":{"allow":["GET"]}}],"collection":[{"href":"https:\/\/tvc16.com\/portal\/wp-json\/wp\/v2\/posts"}],"about":[{"href":"https:\/\/tvc16.com\/portal\/wp-json\/wp\/v2\/types\/post"}],"author":[{"embeddable":true,"href":"https:\/\/tvc16.com\/portal\/wp-json\/wp\/v2\/users\/2"}],"replies":[{"embeddable":true,"href":"https:\/\/tvc16.com\/portal\/wp-json\/wp\/v2\/comments?post=8939"}],"version-history":[{"count":1,"href":"https:\/\/tvc16.com\/portal\/wp-json\/wp\/v2\/posts\/8939\/revisions"}],"predecessor-version":[{"id":8942,"href":"https:\/\/tvc16.com\/portal\/wp-json\/wp\/v2\/posts\/8939\/revisions\/8942"}],"wp:featuredmedia":[{"embeddable":true,"href":"https:\/\/tvc16.com\/portal\/wp-json\/wp\/v2\/media\/8940"}],"wp:attachment":[{"href":"https:\/\/tvc16.com\/portal\/wp-json\/wp\/v2\/media?parent=8939"}],"wp:term":[{"taxonomy":"category","embeddable":true,"href":"https:\/\/tvc16.com\/portal\/wp-json\/wp\/v2\/categories?post=8939"},{"taxonomy":"post_tag","embeddable":true,"href":"https:\/\/tvc16.com\/portal\/wp-json\/wp\/v2\/tags?post=8939"}],"curies":[{"name":"wp","href":"https:\/\/api.w.org\/{rel}","templated":true}]}}