{"id":8943,"date":"2020-12-30T12:35:07","date_gmt":"2020-12-30T15:35:07","guid":{"rendered":"https:\/\/tvc16.com\/portal\/?p=8943"},"modified":"2020-12-30T12:35:09","modified_gmt":"2020-12-30T15:35:09","slug":"governo-amplia-prazo-de-saques-do-bolsa-familia","status":"publish","type":"post","link":"https:\/\/tvc16.com\/portal\/2020\/12\/30\/governo-amplia-prazo-de-saques-do-bolsa-familia\/","title":{"rendered":"Governo amplia prazo de saques do Bolsa Fam\u00edlia"},"content":{"rendered":"\n<h3 class=\"wp-block-heading\">Benefici\u00e1rios passam a ter 270 dias para sacar os recurso<\/h3>\n\n\n\n<h4 class=\"wp-block-heading\"> <\/h4>\n\n\n\n<p>O governo federal ampliou de 90 dias para 270 dias o prazo para benefici\u00e1rios do Bolsa Fam\u00edlia sacarem os recursos j\u00e1 depositados do programa social e do aux\u00edlio emergencial residual. A portaria do Minist\u00e9rio da Cidadania foi publicada hoje (30) no<em>&nbsp;<a href=\"https:\/\/www.in.gov.br\/en\/web\/dou\/-\/portaria-mc-n-579-de-29-de-dezembro-de-2020-296877445\" target=\"_blank\" rel=\"noreferrer noopener\">Di\u00e1rio Oficial da Uni\u00e3o<\/a>.<\/em><img decoding=\"async\" src=\"https:\/\/agenciabrasil.ebc.com.br\/ebc.png?id=1397587&amp;o=node\"><img decoding=\"async\" src=\"https:\/\/agenciabrasil.ebc.com.br\/ebc.gif?id=1397587&amp;o=node\"><\/p>\n\n\n\n<p>De acordo com o texto, a legisla\u00e7\u00e3o prev\u00ea que o prazo de saque do programa pode ser ampliado em munic\u00edpios com declara\u00e7\u00e3o de situa\u00e7\u00e3o de emerg\u00eancia, como \u00e9 o caso da pandemia de covid-19. Al\u00e9m disso, a medida visa evitar aglomera\u00e7\u00f5es nos locais de pagamentos, como forma de preven\u00e7\u00e3o, controle e conten\u00e7\u00e3o de riscos de dissemina\u00e7\u00e3o do novo coronav\u00edrus.<\/p>\n\n\n\n<p>A prorroga\u00e7\u00e3o ser\u00e1 contada da data da disponibilidade da parcela dos benef\u00edcios. Ela incidir\u00e1 ainda em todas as parcelas do Bolsa Fam\u00edlia disponibilizadas para pagamento durante a vig\u00eancia da situa\u00e7\u00e3o de emerg\u00eancia em raz\u00e3o da covid-19 e que ainda estejam v\u00e1lidas, segundo o calend\u00e1rio de pagamentos e operacional do programa.<\/p>\n\n\n\n<p>Por Andreia Verd\u00e9lio \u2013 Rep\u00f3rter da Ag\u00eancia Brasil &#8211; Bras\u00edlia<\/p>\n\n\n\n<p>Edi\u00e7\u00e3o: Val\u00e9ria Aguiar<\/p>\n","protected":false},"excerpt":{"rendered":"<p>Benefici\u00e1rios passam a ter 270 dias para sacar os recurso O governo federal ampliou de<\/p>\n","protected":false},"author":2,"featured_media":8944,"comment_status":"open","ping_status":"open","sticky":false,"template":"","format":"standard","meta":{"footnotes":""},"categories":[17],"tags":[],"class_list":["post-8943","post","type-post","status-publish","format-standard","has-post-thumbnail","hentry","category-outras-noticias"],"_links":{"self":[{"href":"https:\/\/tvc16.com\/portal\/wp-json\/wp\/v2\/posts\/8943","targetHints":{"allow":["GET"]}}],"collection":[{"href":"https:\/\/tvc16.com\/portal\/wp-json\/wp\/v2\/posts"}],"about":[{"href":"https:\/\/tvc16.com\/portal\/wp-json\/wp\/v2\/types\/post"}],"author":[{"embeddable":true,"href":"https:\/\/tvc16.com\/portal\/wp-json\/wp\/v2\/users\/2"}],"replies":[{"embeddable":true,"href":"https:\/\/tvc16.com\/portal\/wp-json\/wp\/v2\/comments?post=8943"}],"version-history":[{"count":1,"href":"https:\/\/tvc16.com\/portal\/wp-json\/wp\/v2\/posts\/8943\/revisions"}],"predecessor-version":[{"id":8945,"href":"https:\/\/tvc16.com\/portal\/wp-json\/wp\/v2\/posts\/8943\/revisions\/8945"}],"wp:featuredmedia":[{"embeddable":true,"href":"https:\/\/tvc16.com\/portal\/wp-json\/wp\/v2\/media\/8944"}],"wp:attachment":[{"href":"https:\/\/tvc16.com\/portal\/wp-json\/wp\/v2\/media?parent=8943"}],"wp:term":[{"taxonomy":"category","embeddable":true,"href":"https:\/\/tvc16.com\/portal\/wp-json\/wp\/v2\/categories?post=8943"},{"taxonomy":"post_tag","embeddable":true,"href":"https:\/\/tvc16.com\/portal\/wp-json\/wp\/v2\/tags?post=8943"}],"curies":[{"name":"wp","href":"https:\/\/api.w.org\/{rel}","templated":true}]}}