{"id":8946,"date":"2020-12-30T15:56:26","date_gmt":"2020-12-30T18:56:26","guid":{"rendered":"https:\/\/tvc16.com\/portal\/?p=8946"},"modified":"2020-12-30T15:56:28","modified_gmt":"2020-12-30T18:56:28","slug":"castramovel-e-autorizado-pelo-conselho-regional-de-medicina-veterinaria-do-estado-do-rio-de-janeiro-crmv-rj-o-municipio-aguarda-a-chegada-dos-insumos-apos-a-finalizacao-da-licitacao-para-realizar","status":"publish","type":"post","link":"https:\/\/tvc16.com\/portal\/2020\/12\/30\/castramovel-e-autorizado-pelo-conselho-regional-de-medicina-veterinaria-do-estado-do-rio-de-janeiro-crmv-rj-o-municipio-aguarda-a-chegada-dos-insumos-apos-a-finalizacao-da-licitacao-para-realizar\/","title":{"rendered":"Castram\u00f3vel \u00e9  autorizado pelo Conselho Regional de Medicina Veterin\u00e1ria do Estado do Rio de Janeiro (CRMV-RJ). O munic\u00edpio aguarda a chegada dos insumos ap\u00f3s a finaliza\u00e7\u00e3o da licita\u00e7\u00e3o para realizar o cronograma de atendimentos"},"content":{"rendered":"\n<p>O prefeito Bernardo Rossi anunciou nesta quarta-feira (30\/12) que j\u00e1 est\u00e1 tudo pronto para que o castram\u00f3vel comece a funcionar na segunda quinzena de janeiro. A equipe que vai atuar na unidade est\u00e1 montada e o castram\u00f3vel j\u00e1 foi autorizado pelo Conselho Regional de Medicina Veterin\u00e1ria do Estado do Rio de Janeiro (CRMV-RJ). O munic\u00edpio aguarda agora a chegada dos insumos ap\u00f3s a finaliza\u00e7\u00e3o da licita\u00e7\u00e3o para realizar o cronograma de atendimentos.&nbsp;<\/p>\n\n\n\n<p>\u201cEste ano publicamos a regulamenta\u00e7\u00e3o do funcionamento do castram\u00f3vel e ap\u00f3s todos os procedimentos legais preparamos tudo para que a unidade comece a atuar no primeiro m\u00eas do ano que vem\u201d, explica o prefeito Bernardo Rossi. Pela regulamenta\u00e7\u00e3o, os locais contemplados pelo castram\u00f3vel ser\u00e3o, primeiramente, aqueles que ainda n\u00e3o foram atendidos com o servi\u00e7o de castra\u00e7\u00e3o oferecido pela prefeitura. Ap\u00f3s o procedimento, os animais ser\u00e3o chipados e os dados cadastrados de forma a relacionar o animal e o tutor.<\/p>\n\n\n\n<p>Dois veterin\u00e1rios v\u00e3o atuar no castram\u00f3vel, al\u00e9m de um respons\u00e1vel t\u00e9cnico. A prefeitura vai escolher as comunidades que receber\u00e3o o servi\u00e7o de acordo com a necessidade.<\/p>\n\n\n\n<p>\u201cAntes de a unidade chegar ao local, ser\u00e3o realizadas reuni\u00f5es na comunidade para que sejam feitos os cadastramentos e, ap\u00f3s isso, os animais passar\u00e3o por uma triagem. A unidade vai atender apenas fam\u00edlias em vulnerabilidade social\u201d, destaca a secret\u00e1ria de Sa\u00fade, Fabiola Heck.<\/p>\n\n\n\n<p>A unidade m\u00f3vel de castra\u00e7\u00e3o possui duas mesas cir\u00fargicas, unidades de repouso dos animais, pias para higieniza\u00e7\u00e3o, mesa para anestesia e balan\u00e7as para pesagem dos animais, geladeira e tamb\u00e9m banheiro. O ve\u00edculo foi adquirido com verba parlamentar.<\/p>\n\n\n\n<figure class=\"wp-block-image size-large\"><img loading=\"lazy\" decoding=\"async\" width=\"1024\" height=\"768\" src=\"https:\/\/tvc16.com\/portal\/wp-content\/uploads\/2020\/12\/WhatsApp-Image-2020-12-30-at-13_41_03-2-1024x768.jpeg\" alt=\"\" class=\"wp-image-8948\" srcset=\"https:\/\/tvc16.com\/portal\/wp-content\/uploads\/2020\/12\/WhatsApp-Image-2020-12-30-at-13_41_03-2-1024x768.jpeg 1024w, https:\/\/tvc16.com\/portal\/wp-content\/uploads\/2020\/12\/WhatsApp-Image-2020-12-30-at-13_41_03-2-300x225.jpeg 300w, https:\/\/tvc16.com\/portal\/wp-content\/uploads\/2020\/12\/WhatsApp-Image-2020-12-30-at-13_41_03-2-768x576.jpeg 768w, https:\/\/tvc16.com\/portal\/wp-content\/uploads\/2020\/12\/WhatsApp-Image-2020-12-30-at-13_41_03-2-200x150.jpeg 200w, https:\/\/tvc16.com\/portal\/wp-content\/uploads\/2020\/12\/WhatsApp-Image-2020-12-30-at-13_41_03-2.jpeg 1280w\" sizes=\"auto, (max-width: 1024px) 100vw, 1024px\" \/><\/figure>\n\n\n\n<p>&nbsp;&nbsp;&nbsp;&nbsp;&nbsp;&nbsp;&nbsp;&nbsp;&nbsp;&nbsp;&nbsp; Importante ressaltar que, ap\u00f3s a castra\u00e7\u00e3o, o p\u00f3s-operat\u00f3rio ser\u00e1 de responsabilidade dos tutores, ficando a equipe do castram\u00f3vel dispon\u00edvel para atendimento de quaisquer intercorr\u00eancias no per\u00edodo relacionado ao procedimento.&nbsp; A unidade se destinar\u00e1 exclusivamente \u00e0 castra\u00e7\u00e3o de c\u00e3es e gatos, n\u00e3o sendo permitidos atendimentos cl\u00ednicos ou procedimentos cir\u00fargicos diversos.<\/p>\n\n\n\n<p>&nbsp;&nbsp;&nbsp;&nbsp;&nbsp;&nbsp;&nbsp;&nbsp;&nbsp;&nbsp;&nbsp; \u201cAnimais em situa\u00e7\u00e3o de rua ser\u00e3o atendidos desde que algu\u00e9m se responsabilize pelos mesmos e os conduzam ao local de atendimento. Existe a possibilidade da realiza\u00e7\u00e3o de parcerias com ONG\u00b4s para esse prop\u00f3sito\u201d, explica Renato Couto, coordenador de Bem-estar Animal.<\/p>\n","protected":false},"excerpt":{"rendered":"<p>O prefeito Bernardo Rossi anunciou nesta quarta-feira (30\/12) que j\u00e1 est\u00e1 tudo pronto para que<\/p>\n","protected":false},"author":2,"featured_media":8947,"comment_status":"open","ping_status":"open","sticky":false,"template":"","format":"standard","meta":{"footnotes":""},"categories":[12],"tags":[],"class_list":["post-8946","post","type-post","status-publish","format-standard","has-post-thumbnail","hentry","category-cidade"],"_links":{"self":[{"href":"https:\/\/tvc16.com\/portal\/wp-json\/wp\/v2\/posts\/8946","targetHints":{"allow":["GET"]}}],"collection":[{"href":"https:\/\/tvc16.com\/portal\/wp-json\/wp\/v2\/posts"}],"about":[{"href":"https:\/\/tvc16.com\/portal\/wp-json\/wp\/v2\/types\/post"}],"author":[{"embeddable":true,"href":"https:\/\/tvc16.com\/portal\/wp-json\/wp\/v2\/users\/2"}],"replies":[{"embeddable":true,"href":"https:\/\/tvc16.com\/portal\/wp-json\/wp\/v2\/comments?post=8946"}],"version-history":[{"count":1,"href":"https:\/\/tvc16.com\/portal\/wp-json\/wp\/v2\/posts\/8946\/revisions"}],"predecessor-version":[{"id":8949,"href":"https:\/\/tvc16.com\/portal\/wp-json\/wp\/v2\/posts\/8946\/revisions\/8949"}],"wp:featuredmedia":[{"embeddable":true,"href":"https:\/\/tvc16.com\/portal\/wp-json\/wp\/v2\/media\/8947"}],"wp:attachment":[{"href":"https:\/\/tvc16.com\/portal\/wp-json\/wp\/v2\/media?parent=8946"}],"wp:term":[{"taxonomy":"category","embeddable":true,"href":"https:\/\/tvc16.com\/portal\/wp-json\/wp\/v2\/categories?post=8946"},{"taxonomy":"post_tag","embeddable":true,"href":"https:\/\/tvc16.com\/portal\/wp-json\/wp\/v2\/tags?post=8946"}],"curies":[{"name":"wp","href":"https:\/\/api.w.org\/{rel}","templated":true}]}}