{"id":8950,"date":"2020-12-30T16:02:32","date_gmt":"2020-12-30T19:02:32","guid":{"rendered":"https:\/\/tvc16.com\/portal\/?p=8950"},"modified":"2020-12-30T16:02:34","modified_gmt":"2020-12-30T19:02:34","slug":"no-ultimo-dia-de-2020-rua-teresa-funciona-em-horario-normal-segundo-os-empresarios-do-setor-as-pecas-na-cor-branca-ainda-sao-as-mais-procuradas","status":"publish","type":"post","link":"https:\/\/tvc16.com\/portal\/2020\/12\/30\/no-ultimo-dia-de-2020-rua-teresa-funciona-em-horario-normal-segundo-os-empresarios-do-setor-as-pecas-na-cor-branca-ainda-sao-as-mais-procuradas\/","title":{"rendered":"No \u00faltimo dia de 2020, Rua Teresa funciona em hor\u00e1rio normal. Segundo os empres\u00e1rios do setor, as pe\u00e7as na cor branca ainda s\u00e3o as mais procuradas"},"content":{"rendered":"\n<p><\/p>\n\n\n\n<p><strong>Marcas selecionaram pe\u00e7as inspiradoras para que a \u201cvirada do ano\u201d seja especial<\/strong><\/p>\n\n\n\n<p>Segundo os empres\u00e1rios da Rua Teresa, a cor branca continua liderando as escolhas para as pe\u00e7as de R\u00e9veillon. At\u00e9 mesmo o amarelo, que tamb\u00e9m era disputado, perdeu espa\u00e7o. As marcas da Rua selecionaram pe\u00e7as especiais para quem quer passar a \u201cvirada do ano\u201d de roupa nova. E ainda d\u00e1 tempo de garantir aquele look exclusivo. As lojas da Rua Teresa funcionam normalmente nos dias 30 e 31 de dezembro, de 9h \u00e0s 18h, mas na v\u00e9spera do Ano Novo \u00e9 importante consultar sua marca preferida para conferir se n\u00e3o houve altera\u00e7\u00e3o no hor\u00e1rio de funcionamento. J\u00e1 no primeiro dia de 2021, os estabelecimentos estar\u00e3o fechados.<\/p>\n\n\n\n<figure class=\"wp-block-image size-large\"><img loading=\"lazy\" decoding=\"async\" width=\"720\" height=\"804\" src=\"https:\/\/tvc16.com\/portal\/wp-content\/uploads\/2020\/12\/Breezy-Dress-de-algodao-da-Liz-Bonita-Divulgacao.jpg\" alt=\"\" class=\"wp-image-8951\" srcset=\"https:\/\/tvc16.com\/portal\/wp-content\/uploads\/2020\/12\/Breezy-Dress-de-algodao-da-Liz-Bonita-Divulgacao.jpg 720w, https:\/\/tvc16.com\/portal\/wp-content\/uploads\/2020\/12\/Breezy-Dress-de-algodao-da-Liz-Bonita-Divulgacao-269x300.jpg 269w\" sizes=\"auto, (max-width: 720px) 100vw, 720px\" \/><\/figure>\n\n\n\n<p>\u201cAcredito que o sentimento que a cor branca representa \u00e9 um desejo un\u00e2nime. Depois de um ano t\u00e3o turbulento, voltamos nossa esperan\u00e7a para que 2021 seja um ano de paz e tranquilidade. Por isso percebemos que essa cor \u00e9 a principal escolha neste ano. As lojas montaram micro cole\u00e7\u00f5es especiais para deixar esse fim de ano t\u00e3o significativo, ainda mais especial\u201d, reflete Denise Fiorini, presidente da Associa\u00e7\u00e3o da Rua Teresa (ARTE).<\/p>\n\n\n\n<figure class=\"wp-block-image size-large\"><img loading=\"lazy\" decoding=\"async\" width=\"720\" height=\"868\" src=\"https:\/\/tvc16.com\/portal\/wp-content\/uploads\/2020\/12\/Vestido-de-laise-branco-da-Casa-Verde-na-Rua-Teresa-Divulgacao.jpg\" alt=\"\" class=\"wp-image-8952\" srcset=\"https:\/\/tvc16.com\/portal\/wp-content\/uploads\/2020\/12\/Vestido-de-laise-branco-da-Casa-Verde-na-Rua-Teresa-Divulgacao.jpg 720w, https:\/\/tvc16.com\/portal\/wp-content\/uploads\/2020\/12\/Vestido-de-laise-branco-da-Casa-Verde-na-Rua-Teresa-Divulgacao-249x300.jpg 249w\" sizes=\"auto, (max-width: 720px) 100vw, 720px\" \/><\/figure>\n\n\n\n<p>Al\u00e9m da tradicional cor branca, as cole\u00e7\u00f5es trazem muita inspira\u00e7\u00e3o de moda. Entre as modelagens, ganham destaque os&nbsp;<em>breezy dresses<\/em>, as camadas, o&nbsp;<em>l\u00e1stex<\/em>&nbsp;e os tamanhos \u2018midi\u2019. J\u00e1 os tecidos vem super leves e rom\u00e2nticos como o&nbsp;<em>chiffon<\/em>, algod\u00e3o, linho e&nbsp;<em>laise<\/em>.<\/p>\n\n\n\n<p>\u201cJ\u00e1 faz tempo que as roupas de festa deixaram de ser escolhidas s\u00f3 para momentos espec\u00edficos. Por isso essa variedade de modelos e tecidos. A moda hoje estimula o consumo consciente e essa percep\u00e7\u00e3o j\u00e1 come\u00e7a na escolha das pe\u00e7as. A ideia \u00e9 transformar aquela roupa fazendo composi\u00e7\u00f5es com acess\u00f3rios, em uma pe\u00e7a vers\u00e1til, que pode ser usada para diferentes ocasi\u00f5es. \u00c9 multiplicar as possibilidades daquela roupa\u201d, explica Denise.<\/p>\n\n\n\n<p>As lojas da Rua Teresa seguem os protocolos de atendimento ao cliente estipulados pelos \u00f3rg\u00e3os de sa\u00fade. O complexo de lojas \u00e9 a c\u00e9u aberto e o uso de m\u00e1scaras no munic\u00edpio de Petr\u00f3polis \u00e9 obrigat\u00f3rio. As entradas da cidade est\u00e3o fazendo controle sanit\u00e1rio atrav\u00e9s da aferi\u00e7\u00e3o de temperatura e permitem a entrada de visitantes que n\u00e3o apresentem temperatura corporal acima de 37.8 graus ou sintomas aparentes de gripe.<\/p>\n\n\n\n<p>Mais informa\u00e7\u00f5es sobre o funcionamento das lojas e os contatos das marcas est\u00e3o no @ruateresaoficial<\/p>\n","protected":false},"excerpt":{"rendered":"<p>Marcas selecionaram pe\u00e7as inspiradoras para que a \u201cvirada do ano\u201d seja especial Segundo os empres\u00e1rios<\/p>\n","protected":false},"author":2,"featured_media":8953,"comment_status":"open","ping_status":"open","sticky":false,"template":"","format":"standard","meta":{"footnotes":""},"categories":[12],"tags":[],"class_list":["post-8950","post","type-post","status-publish","format-standard","has-post-thumbnail","hentry","category-cidade"],"_links":{"self":[{"href":"https:\/\/tvc16.com\/portal\/wp-json\/wp\/v2\/posts\/8950","targetHints":{"allow":["GET"]}}],"collection":[{"href":"https:\/\/tvc16.com\/portal\/wp-json\/wp\/v2\/posts"}],"about":[{"href":"https:\/\/tvc16.com\/portal\/wp-json\/wp\/v2\/types\/post"}],"author":[{"embeddable":true,"href":"https:\/\/tvc16.com\/portal\/wp-json\/wp\/v2\/users\/2"}],"replies":[{"embeddable":true,"href":"https:\/\/tvc16.com\/portal\/wp-json\/wp\/v2\/comments?post=8950"}],"version-history":[{"count":1,"href":"https:\/\/tvc16.com\/portal\/wp-json\/wp\/v2\/posts\/8950\/revisions"}],"predecessor-version":[{"id":8954,"href":"https:\/\/tvc16.com\/portal\/wp-json\/wp\/v2\/posts\/8950\/revisions\/8954"}],"wp:featuredmedia":[{"embeddable":true,"href":"https:\/\/tvc16.com\/portal\/wp-json\/wp\/v2\/media\/8953"}],"wp:attachment":[{"href":"https:\/\/tvc16.com\/portal\/wp-json\/wp\/v2\/media?parent=8950"}],"wp:term":[{"taxonomy":"category","embeddable":true,"href":"https:\/\/tvc16.com\/portal\/wp-json\/wp\/v2\/categories?post=8950"},{"taxonomy":"post_tag","embeddable":true,"href":"https:\/\/tvc16.com\/portal\/wp-json\/wp\/v2\/tags?post=8950"}],"curies":[{"name":"wp","href":"https:\/\/api.w.org\/{rel}","templated":true}]}}