{"id":8955,"date":"2020-12-30T16:06:12","date_gmt":"2020-12-30T19:06:12","guid":{"rendered":"https:\/\/tvc16.com\/portal\/?p=8955"},"modified":"2020-12-31T06:01:51","modified_gmt":"2020-12-31T09:01:51","slug":"novo-predio-onde-funciona-o-centro-de-atencao-psicossocial-caps-nise-da-silveira-agora-esta-na-rua-7-de-abril-no-374-no-centro-a-unidade-conta-com-mais-espaco","status":"publish","type":"post","link":"https:\/\/tvc16.com\/portal\/2020\/12\/30\/novo-predio-onde-funciona-o-centro-de-atencao-psicossocial-caps-nise-da-silveira-agora-esta-na-rua-7-de-abril-no-374-no-centro-a-unidade-conta-com-mais-espaco\/","title":{"rendered":"Novo pr\u00e9dio onde funciona o Centro de Aten\u00e7\u00e3o Psicossocial (CAPS) Nise da Silveira, agora est\u00e1 na Rua 7 de Abril, n\u00ba 374, no Centro. A unidade conta com mais espa\u00e7o"},"content":{"rendered":"\n<p><strong>CAPS Nise da Silveira agora funciona na 7 de Abril<\/strong><\/p>\n\n\n\n<p>O vice-prefeito Baninho, no ato representando o prefeito Bernardo Rossi, entregou nesta quarta-feira (30.12) o novo pr\u00e9dio onde funciona o Centro de Aten\u00e7\u00e3o Psicossocial (CAPS) Nise da Silveira, que foi transferido da Rua Montecaseros para a Rua 7 de Abril, n\u00ba 374, no Centro. A unidade conta com mais espa\u00e7os para melhorar o atendimento dos pacientes e seus familiares e tamb\u00e9m mais acessibilidade. O objetivo da prefeitura \u00e9, ainda, ampliar as equipes e o hor\u00e1rio de atendimentos j\u00e1 no pr\u00f3ximo m\u00eas.<\/p>\n\n\n\n<figure class=\"wp-block-image size-large\"><img loading=\"lazy\" decoding=\"async\" width=\"1024\" height=\"768\" src=\"https:\/\/tvc16.com\/portal\/wp-content\/uploads\/2020\/12\/WhatsApp-Image-2020-12-30-at-15_43_44-1-1024x768.jpeg\" alt=\"\" class=\"wp-image-8956\" srcset=\"https:\/\/tvc16.com\/portal\/wp-content\/uploads\/2020\/12\/WhatsApp-Image-2020-12-30-at-15_43_44-1-1024x768.jpeg 1024w, https:\/\/tvc16.com\/portal\/wp-content\/uploads\/2020\/12\/WhatsApp-Image-2020-12-30-at-15_43_44-1-300x225.jpeg 300w, https:\/\/tvc16.com\/portal\/wp-content\/uploads\/2020\/12\/WhatsApp-Image-2020-12-30-at-15_43_44-1-768x576.jpeg 768w, https:\/\/tvc16.com\/portal\/wp-content\/uploads\/2020\/12\/WhatsApp-Image-2020-12-30-at-15_43_44-1-200x150.jpeg 200w, https:\/\/tvc16.com\/portal\/wp-content\/uploads\/2020\/12\/WhatsApp-Image-2020-12-30-at-15_43_44-1.jpeg 1280w\" sizes=\"auto, (max-width: 1024px) 100vw, 1024px\" \/><\/figure>\n\n\n\n<p>\u201cDesde o in\u00edcio do governo, trabalhamos para refor\u00e7ar o atendimento m\u00e9dico e psicossocial nos CAPS. Agora, os pacientes do Nise da Silveira ter\u00e3o mais conforto no novo pr\u00e9dio. \u00c9 um trabalho muito importante, que tem como maior objetivo tratar a sa\u00fade mental de forma adequada\u201d, explica o prefeito Bernardo Rossi.<\/p>\n\n\n\n<figure class=\"wp-block-image size-large\"><img loading=\"lazy\" decoding=\"async\" width=\"1024\" height=\"768\" src=\"https:\/\/tvc16.com\/portal\/wp-content\/uploads\/2020\/12\/FB_IMG_1609405083123-1024x768.jpg\" alt=\"\" class=\"wp-image-9016\" srcset=\"https:\/\/tvc16.com\/portal\/wp-content\/uploads\/2020\/12\/FB_IMG_1609405083123-1024x768.jpg 1024w, https:\/\/tvc16.com\/portal\/wp-content\/uploads\/2020\/12\/FB_IMG_1609405083123-300x225.jpg 300w, https:\/\/tvc16.com\/portal\/wp-content\/uploads\/2020\/12\/FB_IMG_1609405083123-768x576.jpg 768w, https:\/\/tvc16.com\/portal\/wp-content\/uploads\/2020\/12\/FB_IMG_1609405083123-200x150.jpg 200w, https:\/\/tvc16.com\/portal\/wp-content\/uploads\/2020\/12\/FB_IMG_1609405083123.jpg 1080w\" sizes=\"auto, (max-width: 1024px) 100vw, 1024px\" \/><\/figure>\n\n\n\n<p>Atualmente, o CAPS Nise da Silveira funciona das 8h \u00e0s 17h, mas ap\u00f3s a amplia\u00e7\u00e3o da equipe, o objetivo \u00e9 aumentar o funcionamento at\u00e9 as 19h.<\/p>\n\n\n\n<p>A fun\u00e7\u00e3o da unidade \u00e9 estimular a integra\u00e7\u00e3o social e familiar dos pacientes com transtornos mentais graves e os apoiar em suas iniciativas de busca de autonomia, realizando o acompanhamento cl\u00ednico e promovendo a reinser\u00e7\u00e3o social dos usu\u00e1rios pelo acesso ao trabalho e ao lazer, a fim de fortalecer os la\u00e7os familiares e comunit\u00e1rios. As equipes realizam reuni\u00f5es semanais com os coordenadores, isto para fortalecer o v\u00ednculo e buscar sempre a melhora nos atendimentos.<\/p>\n\n\n\n<figure class=\"wp-block-image size-large\"><img loading=\"lazy\" decoding=\"async\" width=\"1024\" height=\"768\" src=\"https:\/\/tvc16.com\/portal\/wp-content\/uploads\/2020\/12\/FB_IMG_1609405090083-1024x768.jpg\" alt=\"\" class=\"wp-image-9018\" srcset=\"https:\/\/tvc16.com\/portal\/wp-content\/uploads\/2020\/12\/FB_IMG_1609405090083-1024x768.jpg 1024w, https:\/\/tvc16.com\/portal\/wp-content\/uploads\/2020\/12\/FB_IMG_1609405090083-300x225.jpg 300w, https:\/\/tvc16.com\/portal\/wp-content\/uploads\/2020\/12\/FB_IMG_1609405090083-768x576.jpg 768w, https:\/\/tvc16.com\/portal\/wp-content\/uploads\/2020\/12\/FB_IMG_1609405090083-200x150.jpg 200w, https:\/\/tvc16.com\/portal\/wp-content\/uploads\/2020\/12\/FB_IMG_1609405090083.jpg 1080w\" sizes=\"auto, (max-width: 1024px) 100vw, 1024px\" \/><\/figure>\n\n\n\n<p>\u201cS\u00e3o realizadas atividades que incluem os atendimentos em grupo, trabalho de aten\u00e7\u00e3o \u00e0 crise, atividades visando a reabilita\u00e7\u00e3o, busca ativa e de estudos de caso e reuni\u00f5es com as fam\u00edlias\u201d, explica a secret\u00e1ria de Sa\u00fade, Fabiola Heck.<\/p>\n","protected":false},"excerpt":{"rendered":"<p>CAPS Nise da Silveira agora funciona na 7 de Abril O vice-prefeito Baninho, no ato<\/p>\n","protected":false},"author":2,"featured_media":9015,"comment_status":"open","ping_status":"open","sticky":false,"template":"","format":"standard","meta":{"footnotes":""},"categories":[12],"tags":[],"class_list":["post-8955","post","type-post","status-publish","format-standard","has-post-thumbnail","hentry","category-cidade"],"_links":{"self":[{"href":"https:\/\/tvc16.com\/portal\/wp-json\/wp\/v2\/posts\/8955","targetHints":{"allow":["GET"]}}],"collection":[{"href":"https:\/\/tvc16.com\/portal\/wp-json\/wp\/v2\/posts"}],"about":[{"href":"https:\/\/tvc16.com\/portal\/wp-json\/wp\/v2\/types\/post"}],"author":[{"embeddable":true,"href":"https:\/\/tvc16.com\/portal\/wp-json\/wp\/v2\/users\/2"}],"replies":[{"embeddable":true,"href":"https:\/\/tvc16.com\/portal\/wp-json\/wp\/v2\/comments?post=8955"}],"version-history":[{"count":2,"href":"https:\/\/tvc16.com\/portal\/wp-json\/wp\/v2\/posts\/8955\/revisions"}],"predecessor-version":[{"id":9019,"href":"https:\/\/tvc16.com\/portal\/wp-json\/wp\/v2\/posts\/8955\/revisions\/9019"}],"wp:featuredmedia":[{"embeddable":true,"href":"https:\/\/tvc16.com\/portal\/wp-json\/wp\/v2\/media\/9015"}],"wp:attachment":[{"href":"https:\/\/tvc16.com\/portal\/wp-json\/wp\/v2\/media?parent=8955"}],"wp:term":[{"taxonomy":"category","embeddable":true,"href":"https:\/\/tvc16.com\/portal\/wp-json\/wp\/v2\/categories?post=8955"},{"taxonomy":"post_tag","embeddable":true,"href":"https:\/\/tvc16.com\/portal\/wp-json\/wp\/v2\/tags?post=8955"}],"curies":[{"name":"wp","href":"https:\/\/api.w.org\/{rel}","templated":true}]}}