{"id":897,"date":"2020-09-22T13:12:54","date_gmt":"2020-09-22T13:12:54","guid":{"rendered":"https:\/\/tvc16.com\/portal\/?p=897"},"modified":"2020-09-22T13:12:54","modified_gmt":"2020-09-22T13:12:54","slug":"poluicao-causada-por-onibus-cai-mais-de-50-durante-a-pandemia-em-sp","status":"publish","type":"post","link":"https:\/\/tvc16.com\/portal\/2020\/09\/22\/poluicao-causada-por-onibus-cai-mais-de-50-durante-a-pandemia-em-sp\/","title":{"rendered":"Polui\u00e7\u00e3o causada por \u00f4nibus cai mais de 50% durante a pandemia em SP"},"content":{"rendered":"\n<p>Redu\u00e7\u00e3o da frota em circula\u00e7\u00e3o \u00e9 um dos principais motivos<\/p>\n\n\n\n<p>Levantamento feito pelo Instituto de Energia e Meio Ambiente (Iema) mostra que a emiss\u00e3o de poluentes por \u00f4nibus de transporte p\u00fablico na cidade de S\u00e3o Paulo diminuiu mais de 50% no per\u00edodo da pandemia de covid-19, iniciada em mar\u00e7o.<\/p>\n\n\n\n<p>Os dados, divulgados hoje (22), Dia Mundial Sem Carro, levam em conta um dia \u00fatil m\u00e9dio de abril, no auge da quarentena em S\u00e3o Paulo, comparado a um dia \u00fatil m\u00e9dio de fevereiro, antes da pandemia.<\/p>\n\n\n\n<p>De acordo com o estudo, as emiss\u00f5es de di\u00f3xido de carbono (CO2), um dos causadores do aquecimento global, ca\u00edram 52%; a emiss\u00e3o de material particulado (MP), formado por fuligem e outras part\u00edculas s\u00f3lidas ou l\u00edquidas em suspens\u00e3o que podem causar problemas cardiorrespirat\u00f3rios, foi reduzida em 51%; e os \u00f3xidos de nitrog\u00eanio (NOx), poluentes respons\u00e1veis por problemas pulmonares, tiveram suas emiss\u00f5es diminu\u00eddas em 56%.<\/p>\n\n\n\n<p>\u201cIsso ocorreu por conta da redu\u00e7\u00e3o da frota em circula\u00e7\u00e3o, mas tamb\u00e9m gra\u00e7as ao aumento da velocidade m\u00e9dia dos \u00f4nibus que permaneceram rodando\u201d, destaca o texto do estudo. \u201cIsso aponta para um fato j\u00e1 amplamente conhecido que \u00e9 a import\u00e2ncia de se investir na qualidade da mobilidade urbana como forma de reduzir a polui\u00e7\u00e3o do ar\u201d, acrescenta.<\/p>\n\n\n\n<p>Segundo a pesquisa, a velocidade da frota aumentou por dois motivos: diminui\u00e7\u00e3o do n\u00famero de carros particulares nas ruas, e pontos de paradas menos lotados, com menor quantidade de passageiros entrando no ve\u00edculo de uma s\u00f3 vez.<\/p>\n\n\n\n<p>Velocidade dos \u00f4nibus aumenta<\/p>\n\n\n\n<p>Pelo levantamento, na primeira semana ap\u00f3s o in\u00edcio oficial da quarentena em S\u00e3o Paulo, a velocidade m\u00e9dia dos \u00f4nibus no hor\u00e1rio de pico, entre 7he e 10h da manh\u00e3, chegou a 22 km\/h, n\u00famero 46,6% maior que a m\u00e9dia de velocidade registrada no in\u00edcio de 2020, no per\u00edodo pr\u00e9-pandemia (15 km\/h).<\/p>\n\n\n\n<p>Os dados tamb\u00e9m demonstram uma queda acentuada no n\u00famero de passageiros nos \u00f4nibus no per\u00edodo da pandemia: a partir de abril at\u00e9 junho, 237 milh\u00f5es de pessoas utilizaram o transporte p\u00fablico. No mesmo per\u00edodo do ano passado, esse n\u00famero foi de 674 milh\u00f5es, valor quase tr\u00eas vezes maior.<\/p>\n\n\n\n<p>Atualmente, a frota de \u00f4nibus em circula\u00e7\u00e3o em S\u00e3o Paulo, nos dias \u00fateis, \u00e9 de 12 mil ve\u00edculos por dia, em m\u00e9dia. Esse n\u00famero chegou a 13,8 mil, em m\u00e9dia, no per\u00edodo pr\u00e9-pandemia e a apenas 6,8 mil, em m\u00e9dia, no in\u00edcio dela.<\/p>\n\n\n\n<p>Para chegar aos dados da pesquisa, o Iema utilizou a ferramenta Monitor de \u00d4nibus SP,&nbsp; criado para auxiliar o acompanhamento das emiss\u00f5es de gases de efeito estufa (GEE) e de poluentes provenientes dos \u00f4nibus de S\u00e3o Paulo.<\/p>\n\n\n\n<p>O monitor ajuda a verificar se as operadoras e o poder p\u00fablico est\u00e3o conseguindo reduzir em 50% as emiss\u00f5es de CO2 (di\u00f3xido de carbono) do transporte por \u00f4nibus paulistano; em 90% as de material particulado; e em 80%, as de NOx (\u00f3xidos de nitrog\u00eanio) at\u00e9 2028, tendo como base o ano de 2016 &#8211; compromissos expressos na Lei Municipal 16.802 de 2018.<\/p>\n\n\n\n<p>Bruno Bocchini &#8211; Rep\u00f3rter da Ag\u00eancia Brasil &#8211; S\u00e3o Paulo<\/p>\n\n\n\n<p>Edi\u00e7\u00e3o: Kleber Sampaio<\/p>\n","protected":false},"excerpt":{"rendered":"<p>Redu\u00e7\u00e3o da frota em circula\u00e7\u00e3o \u00e9 um dos principais motivos Levantamento feito pelo Instituto de<\/p>\n","protected":false},"author":2,"featured_media":898,"comment_status":"open","ping_status":"open","sticky":false,"template":"","format":"standard","meta":{"footnotes":""},"categories":[17],"tags":[],"class_list":["post-897","post","type-post","status-publish","format-standard","has-post-thumbnail","hentry","category-outras-noticias"],"_links":{"self":[{"href":"https:\/\/tvc16.com\/portal\/wp-json\/wp\/v2\/posts\/897","targetHints":{"allow":["GET"]}}],"collection":[{"href":"https:\/\/tvc16.com\/portal\/wp-json\/wp\/v2\/posts"}],"about":[{"href":"https:\/\/tvc16.com\/portal\/wp-json\/wp\/v2\/types\/post"}],"author":[{"embeddable":true,"href":"https:\/\/tvc16.com\/portal\/wp-json\/wp\/v2\/users\/2"}],"replies":[{"embeddable":true,"href":"https:\/\/tvc16.com\/portal\/wp-json\/wp\/v2\/comments?post=897"}],"version-history":[{"count":1,"href":"https:\/\/tvc16.com\/portal\/wp-json\/wp\/v2\/posts\/897\/revisions"}],"predecessor-version":[{"id":899,"href":"https:\/\/tvc16.com\/portal\/wp-json\/wp\/v2\/posts\/897\/revisions\/899"}],"wp:featuredmedia":[{"embeddable":true,"href":"https:\/\/tvc16.com\/portal\/wp-json\/wp\/v2\/media\/898"}],"wp:attachment":[{"href":"https:\/\/tvc16.com\/portal\/wp-json\/wp\/v2\/media?parent=897"}],"wp:term":[{"taxonomy":"category","embeddable":true,"href":"https:\/\/tvc16.com\/portal\/wp-json\/wp\/v2\/categories?post=897"},{"taxonomy":"post_tag","embeddable":true,"href":"https:\/\/tvc16.com\/portal\/wp-json\/wp\/v2\/tags?post=897"}],"curies":[{"name":"wp","href":"https:\/\/api.w.org\/{rel}","templated":true}]}}