{"id":8970,"date":"2020-12-30T20:09:28","date_gmt":"2020-12-30T23:09:28","guid":{"rendered":"https:\/\/tvc16.com\/portal\/?p=8970"},"modified":"2020-12-30T20:09:30","modified_gmt":"2020-12-30T23:09:30","slug":"cinco-unidades-basica-de-saude-estao-funcionando-para-realizacao-de-teste-da-covid-19","status":"publish","type":"post","link":"https:\/\/tvc16.com\/portal\/2020\/12\/30\/cinco-unidades-basica-de-saude-estao-funcionando-para-realizacao-de-teste-da-covid-19\/","title":{"rendered":"Cinco Unidades B\u00e1sica de Sa\u00fade est\u00e3o funcionando para realiza\u00e7\u00e3o de teste da Covid-19"},"content":{"rendered":"\n<p>O governo municipal est\u00e1 investindo na descentraliza\u00e7\u00e3o do servi\u00e7o de testagem para pessoas com suspeita de covid-19. As UBS do Quitandinha, Retiro, Itamarati, Pedro do Rio e Posse, al\u00e9m do Centro de Sa\u00fade, est\u00e3o realizando testes r\u00e1pidos, quanto o Swab. Essa medida \u00e9 mais uma a\u00e7\u00e3o com a finalidade do enfrentamento da pandemia.<\/p>\n\n\n\n<p>\u201cAs UBS servem como uma esp\u00e9cie de ponto de apoio para que as pessoas possam realizar os exames de detec\u00e7\u00e3o da covid-19. Como est\u00e3o espalhadas na parte central da cidade e nos distritos, isso ajuda na descentraliza\u00e7\u00e3o do sistema e desafoga um pouco os pontos de apoio\u201d, disse o prefeito Bernardo Rossi.<\/p>\n\n\n\n<figure class=\"wp-block-image\"><img loading=\"lazy\" decoding=\"async\" width=\"487\" height=\"1024\" src=\"https:\/\/tvc16.com\/portal\/wp-content\/uploads\/2020\/12\/WhatsApp-Image-2020-12-30-at-14.28.00-487x1024.jpeg\" alt=\"\" class=\"wp-image-8966\" srcset=\"https:\/\/tvc16.com\/portal\/wp-content\/uploads\/2020\/12\/WhatsApp-Image-2020-12-30-at-14.28.00-487x1024.jpeg 487w, https:\/\/tvc16.com\/portal\/wp-content\/uploads\/2020\/12\/WhatsApp-Image-2020-12-30-at-14.28.00-143x300.jpeg 143w, https:\/\/tvc16.com\/portal\/wp-content\/uploads\/2020\/12\/WhatsApp-Image-2020-12-30-at-14.28.00.jpeg 495w\" sizes=\"auto, (max-width: 487px) 100vw, 487px\" \/><figcaption><strong>Paciente faz teste de Swab na UBS do Itamarati<\/strong><\/figcaption><\/figure>\n\n\n\n<p>O prefeito pediu ainda que durante as festividades de final de ano as pessoas evitem as aglomera\u00e7\u00f5es e continuem com todas as medidas de prote\u00e7\u00e3o feitas desde o in\u00edcio da pandemia.&nbsp;&nbsp;&nbsp;&nbsp;&nbsp;&nbsp;&nbsp; \u201c\u00c1lcool em gel, uso de m\u00e1scara e distanciamento social continuam sendo a melhor vacina que n\u00f3s temos. Todos devem se proteger e evitar aglomera\u00e7\u00f5es. Estamos at\u00e9 o \u00faltimo instante realizando todas as a\u00e7\u00f5es para controlar a doen\u00e7a dentro do munic\u00edpio\u201d, finaliza o prefeito Bernardo Rossi<\/p>\n","protected":false},"excerpt":{"rendered":"<p>O governo municipal est\u00e1 investindo na descentraliza\u00e7\u00e3o do servi\u00e7o de testagem para pessoas com suspeita<\/p>\n","protected":false},"author":2,"featured_media":8971,"comment_status":"open","ping_status":"open","sticky":false,"template":"","format":"standard","meta":{"footnotes":""},"categories":[12],"tags":[],"class_list":["post-8970","post","type-post","status-publish","format-standard","has-post-thumbnail","hentry","category-cidade"],"_links":{"self":[{"href":"https:\/\/tvc16.com\/portal\/wp-json\/wp\/v2\/posts\/8970","targetHints":{"allow":["GET"]}}],"collection":[{"href":"https:\/\/tvc16.com\/portal\/wp-json\/wp\/v2\/posts"}],"about":[{"href":"https:\/\/tvc16.com\/portal\/wp-json\/wp\/v2\/types\/post"}],"author":[{"embeddable":true,"href":"https:\/\/tvc16.com\/portal\/wp-json\/wp\/v2\/users\/2"}],"replies":[{"embeddable":true,"href":"https:\/\/tvc16.com\/portal\/wp-json\/wp\/v2\/comments?post=8970"}],"version-history":[{"count":1,"href":"https:\/\/tvc16.com\/portal\/wp-json\/wp\/v2\/posts\/8970\/revisions"}],"predecessor-version":[{"id":8972,"href":"https:\/\/tvc16.com\/portal\/wp-json\/wp\/v2\/posts\/8970\/revisions\/8972"}],"wp:featuredmedia":[{"embeddable":true,"href":"https:\/\/tvc16.com\/portal\/wp-json\/wp\/v2\/media\/8971"}],"wp:attachment":[{"href":"https:\/\/tvc16.com\/portal\/wp-json\/wp\/v2\/media?parent=8970"}],"wp:term":[{"taxonomy":"category","embeddable":true,"href":"https:\/\/tvc16.com\/portal\/wp-json\/wp\/v2\/categories?post=8970"},{"taxonomy":"post_tag","embeddable":true,"href":"https:\/\/tvc16.com\/portal\/wp-json\/wp\/v2\/tags?post=8970"}],"curies":[{"name":"wp","href":"https:\/\/api.w.org\/{rel}","templated":true}]}}