{"id":8979,"date":"2020-12-30T21:01:38","date_gmt":"2020-12-31T00:01:38","guid":{"rendered":"https:\/\/tvc16.com\/portal\/?p=8979"},"modified":"2020-12-30T21:03:47","modified_gmt":"2020-12-31T00:03:47","slug":"receita-estadual-apreende-sete-carretas-com-quase-400-mil-litros-de-etanol","status":"publish","type":"post","link":"https:\/\/tvc16.com\/portal\/2020\/12\/30\/receita-estadual-apreende-sete-carretas-com-quase-400-mil-litros-de-etanol\/","title":{"rendered":"Receita Estadual apreende sete carretas com quase 400 mil litros de etanol"},"content":{"rendered":"\n<p><em>Auditores identificaram ind\u00edcios de pr\u00e1tica de sonega\u00e7\u00e3o fiscal<strong><\/strong><\/em><\/p>\n\n\n\n<p>A Secretaria de Estado de Fazenda do Rio de Janeiro (Sefaz-RJ) apreendeu na noite desta ter\u00e7a-feira (29) sete carretas que transportavam cerca de 390 mil litros de etanol. Os Auditores Fiscais da Receita Estadual constataram a exist\u00eancia de uma opera\u00e7\u00e3o de transporte irregular de combust\u00edvel, com poss\u00edvel fraude de benef\u00edcio fiscal da usina destinat\u00e1ria em Campos dos Goytacazes.<\/p>\n\n\n\n<p>A apreens\u00e3o aconteceu no Arco Metropolitano, altura de Queimados, na Baixada Fluminense. Contactados por policiais civis da 55\u00aa DP (Queimados), os Auditores encontraram n\u00e3o apenas notas fiscais do etanol transportado nos caminh\u00f5es vindos de S\u00e3o Paulo com destino \u00e0 usina, que na verdade deveria produzir o etanol, mas tamb\u00e9m notas fiscais de venda da usina para uma distribuidora em Duque de Caxias, antes mesmo de o etanol chegar \u00e0 usina. A a\u00e7\u00e3o se caracteriza como simula\u00e7\u00e3o da opera\u00e7\u00e3o e fraude fiscal.<\/p>\n\n\n\n<p>\u201cTal pr\u00e1tica sonegat\u00f3ria causa concorr\u00eancia desleal, j\u00e1 que o etanol \u00e9 revendido com pre\u00e7o mais baixo em raz\u00e3o de um benef\u00edcio fiscal que, na verdade, n\u00e3o \u00e9 da empresa por direito, visto que \u00e9 oferecido apenas para quem produz o combust\u00edvel\u201d, explica o superintendente de Fiscaliza\u00e7\u00e3o da Sefaz-RJ, Rodrigo Aguieiras.<\/p>\n","protected":false},"excerpt":{"rendered":"<p>Auditores identificaram ind\u00edcios de pr\u00e1tica de sonega\u00e7\u00e3o fiscal A Secretaria de Estado de Fazenda do<\/p>\n","protected":false},"author":2,"featured_media":8982,"comment_status":"open","ping_status":"open","sticky":false,"template":"","format":"standard","meta":{"footnotes":""},"categories":[17],"tags":[],"class_list":["post-8979","post","type-post","status-publish","format-standard","has-post-thumbnail","hentry","category-outras-noticias"],"_links":{"self":[{"href":"https:\/\/tvc16.com\/portal\/wp-json\/wp\/v2\/posts\/8979","targetHints":{"allow":["GET"]}}],"collection":[{"href":"https:\/\/tvc16.com\/portal\/wp-json\/wp\/v2\/posts"}],"about":[{"href":"https:\/\/tvc16.com\/portal\/wp-json\/wp\/v2\/types\/post"}],"author":[{"embeddable":true,"href":"https:\/\/tvc16.com\/portal\/wp-json\/wp\/v2\/users\/2"}],"replies":[{"embeddable":true,"href":"https:\/\/tvc16.com\/portal\/wp-json\/wp\/v2\/comments?post=8979"}],"version-history":[{"count":1,"href":"https:\/\/tvc16.com\/portal\/wp-json\/wp\/v2\/posts\/8979\/revisions"}],"predecessor-version":[{"id":8981,"href":"https:\/\/tvc16.com\/portal\/wp-json\/wp\/v2\/posts\/8979\/revisions\/8981"}],"wp:featuredmedia":[{"embeddable":true,"href":"https:\/\/tvc16.com\/portal\/wp-json\/wp\/v2\/media\/8982"}],"wp:attachment":[{"href":"https:\/\/tvc16.com\/portal\/wp-json\/wp\/v2\/media?parent=8979"}],"wp:term":[{"taxonomy":"category","embeddable":true,"href":"https:\/\/tvc16.com\/portal\/wp-json\/wp\/v2\/categories?post=8979"},{"taxonomy":"post_tag","embeddable":true,"href":"https:\/\/tvc16.com\/portal\/wp-json\/wp\/v2\/tags?post=8979"}],"curies":[{"name":"wp","href":"https:\/\/api.w.org\/{rel}","templated":true}]}}