{"id":8989,"date":"2020-12-30T22:45:54","date_gmt":"2020-12-31T01:45:54","guid":{"rendered":"https:\/\/tvc16.com\/portal\/?p=8989"},"modified":"2020-12-30T22:45:56","modified_gmt":"2020-12-31T01:45:56","slug":"rj-leilao-de-concessao-da-cedae-deve-ocorrer-em-abril-de-2021","status":"publish","type":"post","link":"https:\/\/tvc16.com\/portal\/2020\/12\/30\/rj-leilao-de-concessao-da-cedae-deve-ocorrer-em-abril-de-2021\/","title":{"rendered":"RJ: Leil\u00e3o de concess\u00e3o da Cedae deve ocorrer em abril de 2021"},"content":{"rendered":"\n<p>Responsabilidades da empresa v\u00e3o passar para iniciativa privada, por um per\u00edodo de 35 anos<\/p>\n\n\n\n<p>Leil\u00e3o de concess\u00e3o da Companhia Estadual de \u00c1guas e Esgoto, do Rio de Janeiro, est\u00e1 marcado para o dia 30 de abril de 2021. A expectativa do governo estadual \u00e9 que os contratos sejam assinados at\u00e9 o fim do primeiro semestre de 2021. O edital foi publicado no <a href=\"http:\/\/www.ioerj.com.br\/portal\/modules\/conteudoonline\/mostra_edicao.php?session=VGpCUmVsRlZTWHBTVlVWMFRYcGpORTVETURCUmExVTFURlJyZVUxVlNYUk5WVWsxVGxSb1ExRnJXa0pSZW1SRg==&amp;p=Ng==&amp;tb=Y2VkYWUmIzAxMzs=\">Di\u00e1rio Oficial do Estado<\/a>, do dia 29 de dezembro.<\/p>\n\n\n\n<p>O texto prev\u00ea que a distribui\u00e7\u00e3o de \u00e1gua e coleta e tratamento de esgoto nos munic\u00edpios fluminenses ser\u00e3o de responsabilidade da iniciativa privada, pelo per\u00edodo de 35 anos. Interessados na concess\u00e3o t\u00eam o prazo de 120 dias para apresentar propostas. O crit\u00e9rio de licita\u00e7\u00e3o ser\u00e1 o de maior valor repassado ao governo, em troca da explora\u00e7\u00e3o do servi\u00e7o. Segundo a publica\u00e7\u00e3o, 80% desse recurso ser\u00e1 destinado ao estado do Rio de Janeiro; 15% aos munic\u00edpios e 5% ao Fundo Metropolitano. Ao todo, 35 cidades fazem parte do processo de concess\u00e3o.<\/p>\n\n\n\n<p>Al\u00e9m disso, o edital prev\u00ea a obriga\u00e7\u00e3o das empresas em investir, no m\u00ednimo, R$ 1,86 bilh\u00e3o em regi\u00f5es de maior vulnerabilidade socioecon\u00f4mica; R$ 2,6 bilh\u00f5es no combate \u00e0 polui\u00e7\u00e3o da Ba\u00eda de Guanabara; R$ 2,9 bilh\u00f5es no Rio Guandu; e R$ 250 milh\u00f5es no Complexo Lagunar da Barra da Tijuca.<\/p>\n\n\n\n<p>Fonte: <a href=\"https:\/\/brasil61.com\/noticias\/rj-leilao-de-concessao-da-cedae-deve-ocorrer-em-abril-de-2021-bras203208?email=bethdeoliveira@yahoo.com.br&amp;utm_source=email_individual&amp;utm_medium=email_individual&amp;utm_campaign=email_individual\" target=\"_blank\" rel=\"noreferrer noopener\">Brasil 61<\/a><\/p>\n","protected":false},"excerpt":{"rendered":"<p>Responsabilidades da empresa v\u00e3o passar para iniciativa privada, por um per\u00edodo de 35 anos Leil\u00e3o<\/p>\n","protected":false},"author":2,"featured_media":8990,"comment_status":"open","ping_status":"open","sticky":false,"template":"","format":"standard","meta":{"footnotes":""},"categories":[17],"tags":[],"class_list":["post-8989","post","type-post","status-publish","format-standard","has-post-thumbnail","hentry","category-outras-noticias"],"_links":{"self":[{"href":"https:\/\/tvc16.com\/portal\/wp-json\/wp\/v2\/posts\/8989","targetHints":{"allow":["GET"]}}],"collection":[{"href":"https:\/\/tvc16.com\/portal\/wp-json\/wp\/v2\/posts"}],"about":[{"href":"https:\/\/tvc16.com\/portal\/wp-json\/wp\/v2\/types\/post"}],"author":[{"embeddable":true,"href":"https:\/\/tvc16.com\/portal\/wp-json\/wp\/v2\/users\/2"}],"replies":[{"embeddable":true,"href":"https:\/\/tvc16.com\/portal\/wp-json\/wp\/v2\/comments?post=8989"}],"version-history":[{"count":1,"href":"https:\/\/tvc16.com\/portal\/wp-json\/wp\/v2\/posts\/8989\/revisions"}],"predecessor-version":[{"id":8991,"href":"https:\/\/tvc16.com\/portal\/wp-json\/wp\/v2\/posts\/8989\/revisions\/8991"}],"wp:featuredmedia":[{"embeddable":true,"href":"https:\/\/tvc16.com\/portal\/wp-json\/wp\/v2\/media\/8990"}],"wp:attachment":[{"href":"https:\/\/tvc16.com\/portal\/wp-json\/wp\/v2\/media?parent=8989"}],"wp:term":[{"taxonomy":"category","embeddable":true,"href":"https:\/\/tvc16.com\/portal\/wp-json\/wp\/v2\/categories?post=8989"},{"taxonomy":"post_tag","embeddable":true,"href":"https:\/\/tvc16.com\/portal\/wp-json\/wp\/v2\/tags?post=8989"}],"curies":[{"name":"wp","href":"https:\/\/api.w.org\/{rel}","templated":true}]}}