{"id":8992,"date":"2020-12-30T22:55:50","date_gmt":"2020-12-31T01:55:50","guid":{"rendered":"https:\/\/tvc16.com\/portal\/?p=8992"},"modified":"2020-12-30T22:55:53","modified_gmt":"2020-12-31T01:55:53","slug":"lei-seca-intensifica-acoes-para-o-reveillon","status":"publish","type":"post","link":"https:\/\/tvc16.com\/portal\/2020\/12\/30\/lei-seca-intensifica-acoes-para-o-reveillon\/","title":{"rendered":"Lei Seca intensifica a\u00e7\u00f5es para o R\u00e9veillon"},"content":{"rendered":"\n<p><em>Desde a retomada da Opera\u00e7\u00e3o, em outubro, o percentual de motoristas dirigindo alcoolizados, flagrados na opera\u00e7\u00e3o, aumentou 150%<\/em><\/p>\n\n\n\n<p>A Opera\u00e7\u00e3o Lei Seca vai intensificar as a\u00e7\u00f5es de educa\u00e7\u00e3o e fiscaliza\u00e7\u00e3o em todo o Estado do Rio de Janeiro, a partir de amanh\u00e3 (31\/12) at\u00e9 a madrugada de domingo. Ao todo est\u00e3o previstas 39 a\u00e7\u00f5es diurnas e noturnas.<\/p>\n\n\n\n<p>Desde a retomada das blitzes de fiscaliza\u00e7\u00e3o, em outubro, o percentual de motoristas flagrados com sinais de alcoolemia aumentou 150%. Antes da suspens\u00e3o da fiscaliza\u00e7\u00e3o por conta da pandemia da Covid-19, em mar\u00e7o, a m\u00e9dia era de 4,6% e atualmente \u00e9 de 11,5%.<\/p>\n\n\n\n<p>O Superintendente da Opera\u00e7\u00e3o Lei Seca, tenente-coronel Marcelo Rocha, afirma que com o aumento dos \u00edndices de alcoolemia as opera\u00e7\u00f5es de fiscaliza\u00e7\u00e3o ser\u00e3o intensificadas, principalmente no R\u00e9veillon.<\/p>\n\n\n\n<figure class=\"wp-block-image size-large\"><img loading=\"lazy\" decoding=\"async\" width=\"1024\" height=\"682\" src=\"https:\/\/tvc16.com\/portal\/wp-content\/uploads\/2020\/12\/Operacao-Verao-2-1024x682.jpeg\" alt=\"\" class=\"wp-image-8993\" srcset=\"https:\/\/tvc16.com\/portal\/wp-content\/uploads\/2020\/12\/Operacao-Verao-2-1024x682.jpeg 1024w, https:\/\/tvc16.com\/portal\/wp-content\/uploads\/2020\/12\/Operacao-Verao-2-300x200.jpeg 300w, https:\/\/tvc16.com\/portal\/wp-content\/uploads\/2020\/12\/Operacao-Verao-2-768x512.jpeg 768w, https:\/\/tvc16.com\/portal\/wp-content\/uploads\/2020\/12\/Operacao-Verao-2-900x600.jpeg 900w, https:\/\/tvc16.com\/portal\/wp-content\/uploads\/2020\/12\/Operacao-Verao-2.jpeg 1280w\" sizes=\"auto, (max-width: 1024px) 100vw, 1024px\" \/><figcaption>Fotos: Magno Segllia\u00a0<\/figcaption><\/figure>\n\n\n\n<p>&#8211; A equipe ir\u00e1 fazer 39 opera\u00e7\u00f5es de fiscaliza\u00e7\u00e3o e educa\u00e7\u00e3o, principalmente nas sa\u00eddas de praias, locais de divers\u00e3o e nas rodovias em conjunto com o Batalh\u00e3o de Pol\u00edcia Rodovi\u00e1ria. Ser\u00e3o 250 agentes trabalhando com o hor\u00e1rio intensificado para levar mais seguran\u00e7a para a popula\u00e7\u00e3o.<\/p>\n\n\n\n<p><strong>Opera\u00e7\u00e3o Ver\u00e3o<\/strong><\/p>\n\n\n\n<p>Desde o in\u00edcio da opera\u00e7\u00e3o Ver\u00e3o, em 21 de dezembro, 904 motoristas foram abordados em 45 a\u00e7\u00f5es em diferentes regi\u00f5es do Estado do Rio de Janeiro. Durante a fiscaliza\u00e7\u00e3o foram flagrados 104 condutores com sinais de alcoolemia. A Opera\u00e7\u00e3o Ver\u00e3o se estende at\u00e9 o fim da esta\u00e7\u00e3o e tem como objetivo realizar blitzes diurnas de fiscaliza\u00e7\u00e3o e conscientiza\u00e7\u00e3o nas principais \u00e1reas de lazer e praias.<\/p>\n\n\n\n<p><\/p>\n","protected":false},"excerpt":{"rendered":"<p>Desde a retomada da Opera\u00e7\u00e3o, em outubro, o percentual de motoristas dirigindo alcoolizados, flagrados na<\/p>\n","protected":false},"author":2,"featured_media":8994,"comment_status":"open","ping_status":"open","sticky":false,"template":"","format":"standard","meta":{"footnotes":""},"categories":[17],"tags":[],"class_list":["post-8992","post","type-post","status-publish","format-standard","has-post-thumbnail","hentry","category-outras-noticias"],"_links":{"self":[{"href":"https:\/\/tvc16.com\/portal\/wp-json\/wp\/v2\/posts\/8992","targetHints":{"allow":["GET"]}}],"collection":[{"href":"https:\/\/tvc16.com\/portal\/wp-json\/wp\/v2\/posts"}],"about":[{"href":"https:\/\/tvc16.com\/portal\/wp-json\/wp\/v2\/types\/post"}],"author":[{"embeddable":true,"href":"https:\/\/tvc16.com\/portal\/wp-json\/wp\/v2\/users\/2"}],"replies":[{"embeddable":true,"href":"https:\/\/tvc16.com\/portal\/wp-json\/wp\/v2\/comments?post=8992"}],"version-history":[{"count":1,"href":"https:\/\/tvc16.com\/portal\/wp-json\/wp\/v2\/posts\/8992\/revisions"}],"predecessor-version":[{"id":8995,"href":"https:\/\/tvc16.com\/portal\/wp-json\/wp\/v2\/posts\/8992\/revisions\/8995"}],"wp:featuredmedia":[{"embeddable":true,"href":"https:\/\/tvc16.com\/portal\/wp-json\/wp\/v2\/media\/8994"}],"wp:attachment":[{"href":"https:\/\/tvc16.com\/portal\/wp-json\/wp\/v2\/media?parent=8992"}],"wp:term":[{"taxonomy":"category","embeddable":true,"href":"https:\/\/tvc16.com\/portal\/wp-json\/wp\/v2\/categories?post=8992"},{"taxonomy":"post_tag","embeddable":true,"href":"https:\/\/tvc16.com\/portal\/wp-json\/wp\/v2\/tags?post=8992"}],"curies":[{"name":"wp","href":"https:\/\/api.w.org\/{rel}","templated":true}]}}