{"id":8997,"date":"2020-12-30T23:00:44","date_gmt":"2020-12-31T02:00:44","guid":{"rendered":"https:\/\/tvc16.com\/portal\/?p=8997"},"modified":"2020-12-30T23:00:46","modified_gmt":"2020-12-31T02:00:46","slug":"stf-concede-liminar-que-suspende-despejos-e-remocoes-durante-a-pandemia","status":"publish","type":"post","link":"https:\/\/tvc16.com\/portal\/2020\/12\/30\/stf-concede-liminar-que-suspende-despejos-e-remocoes-durante-a-pandemia\/","title":{"rendered":"STF concede liminar que suspende despejos e remo\u00e7\u00f5es durante a pandemia"},"content":{"rendered":"\n<p><br>O&nbsp;ministro Ricardo Lewandowski, do Supremo Tribunal Federal (STF), deferiu liminar, nesta ter\u00e7a-feira (29), que impossibilita o cumprimento de ordens de despejo, reintegra\u00e7\u00f5es e imiss\u00f5es de posse e remo\u00e7\u00f5es no Estado do Rio de Janeiro durante a pandemia da Covid-19. A liminar foi concedida ap\u00f3s reclama\u00e7\u00e3o constitucional ajuizada pela Defensoria P\u00fablica do Estado do Rio de Janeiro (DPERJ).<br><br>A Defensoria P\u00fablica pede a aplica\u00e7\u00e3o da Lei Estadual n.\u00ba 9.020\/2020, cuja finalidade \u00e9 evitar que in\u00fameras fam\u00edlias vulner\u00e1veis, que habitualmente sofrem com o cumprimento de ordens de reintegra\u00e7\u00e3o, despejos e remo\u00e7\u00f5es, sejam lan\u00e7adas \u00e0s ruas em per\u00edodo de pandemia. Por esse prisma, diversas pessoas socialmente vulner\u00e1veis, n\u00e3o s\u00f3 do ponto de vista econ\u00f4mico, mas tamb\u00e9m no aspecto organizacional, podem ser alcan\u00e7adas com a aplica\u00e7\u00e3o da lei.<br><br>Ap\u00f3s ter sido vetada pelo governador, o parlamento estadual derrubou o veto e promulgou a lei em 25 de setembro. A norma paralisava, ainda, a aplica\u00e7\u00e3o e cobran\u00e7a de multas contratuais e juros de mora em casos de n\u00e3o pagamento de aluguel ou das presta\u00e7\u00f5es de quita\u00e7\u00e3o dos im\u00f3veis residenciais, mediante comprova\u00e7\u00e3o do estado de necessidade do devedor, decorrente do estado de calamidade p\u00fablica.<br><br>&#8211; \u00c9 uma importante decis\u00e3o do STF, na medida em que os n\u00fameros da pandemia n\u00e3o param de subir, devendo o isolamento social alcan\u00e7ar grupos socialmente vulner\u00e1veis. A aplica\u00e7\u00e3o da lei estadual \u00e9 necess\u00e1ria mais do que nunca &#8211; disse&nbsp;&nbsp;a&nbsp;defensora p\u00fablica Patr\u00edcia Cardoso, coordenadora C\u00edvel da Defensoria P\u00fablica do Rio.<br><br>Em representa\u00e7\u00e3o de inconstitucionalidade movida pela Associa\u00e7\u00e3o dos Magistrados do Estado do Rio de Janeiro (AMAERJ), o desembargador Ferdinaldo do Nascimento, da 19\u00aa C\u00e2mara C\u00edvel do Tribunal de Justi\u00e7a do Rio de Janeiro, concedeu liminar para suspender a Lei Estadual n.\u00ba 9.020\/2020, sob o fundamento de que ela violava o princ\u00edpio da separa\u00e7\u00e3o dos poderes e invadir a compet\u00eancia legislativa da Uni\u00e3o.&nbsp;<br><br>Todavia, em sede liminar, o ministro Ricardo Lewandowski acolheu os argumentos da Defensoria P\u00fablica do Estado do Rio de Janeiro, entendendo que o Estado do Rio de Janeiro tem autonomia para adotar medidas de propaga\u00e7\u00e3o ao novo coronav\u00edrus, de modo que a Alerj atuou no exerc\u00edcio da compet\u00eancia concorrente para legislar sobre sa\u00fade p\u00fablica.<br><br>Segundo a defensora Beatriz Cunha, subcoordenadora C\u00edvel, a liminar tamb\u00e9m d\u00e1 efetividade \u00e0s decis\u00f5es do STF que reafirmaram a autonomia dos Estados para adotar medidas de conten\u00e7\u00e3o \u00e0 pandemia.<br><br>&#8211; A decis\u00e3o do ministro reafirma diversos precedentes do STF que reconheceram a compet\u00eancia concorrente dos Estados para legislar sobre prote\u00e7\u00e3o \u00e0 sa\u00fade em tempos de pandemia, independentemente de superveni\u00eancia de ato federal. Assim, foi revalorizado o Princ\u00edpio Federativo e presun\u00e7\u00e3o de constitucionalidade das leis &#8211; disse a defensora.<\/p>\n","protected":false},"excerpt":{"rendered":"<p>O&nbsp;ministro Ricardo Lewandowski, do Supremo Tribunal Federal (STF), deferiu liminar, nesta ter\u00e7a-feira (29), que impossibilita<\/p>\n","protected":false},"author":2,"featured_media":8998,"comment_status":"open","ping_status":"open","sticky":false,"template":"","format":"standard","meta":{"footnotes":""},"categories":[17],"tags":[],"class_list":["post-8997","post","type-post","status-publish","format-standard","has-post-thumbnail","hentry","category-outras-noticias"],"_links":{"self":[{"href":"https:\/\/tvc16.com\/portal\/wp-json\/wp\/v2\/posts\/8997","targetHints":{"allow":["GET"]}}],"collection":[{"href":"https:\/\/tvc16.com\/portal\/wp-json\/wp\/v2\/posts"}],"about":[{"href":"https:\/\/tvc16.com\/portal\/wp-json\/wp\/v2\/types\/post"}],"author":[{"embeddable":true,"href":"https:\/\/tvc16.com\/portal\/wp-json\/wp\/v2\/users\/2"}],"replies":[{"embeddable":true,"href":"https:\/\/tvc16.com\/portal\/wp-json\/wp\/v2\/comments?post=8997"}],"version-history":[{"count":1,"href":"https:\/\/tvc16.com\/portal\/wp-json\/wp\/v2\/posts\/8997\/revisions"}],"predecessor-version":[{"id":8999,"href":"https:\/\/tvc16.com\/portal\/wp-json\/wp\/v2\/posts\/8997\/revisions\/8999"}],"wp:featuredmedia":[{"embeddable":true,"href":"https:\/\/tvc16.com\/portal\/wp-json\/wp\/v2\/media\/8998"}],"wp:attachment":[{"href":"https:\/\/tvc16.com\/portal\/wp-json\/wp\/v2\/media?parent=8997"}],"wp:term":[{"taxonomy":"category","embeddable":true,"href":"https:\/\/tvc16.com\/portal\/wp-json\/wp\/v2\/categories?post=8997"},{"taxonomy":"post_tag","embeddable":true,"href":"https:\/\/tvc16.com\/portal\/wp-json\/wp\/v2\/tags?post=8997"}],"curies":[{"name":"wp","href":"https:\/\/api.w.org\/{rel}","templated":true}]}}