{"id":900,"date":"2020-09-22T13:14:48","date_gmt":"2020-09-22T13:14:48","guid":{"rendered":"https:\/\/tvc16.com\/portal\/?p=900"},"modified":"2020-09-22T13:14:48","modified_gmt":"2020-09-22T13:14:48","slug":"covid-19-inglaterra-fechara-bares-e-restaurantes-as-22h","status":"publish","type":"post","link":"https:\/\/tvc16.com\/portal\/2020\/09\/22\/covid-19-inglaterra-fechara-bares-e-restaurantes-as-22h\/","title":{"rendered":"Covid-19: Inglaterra fechar\u00e1 bares e restaurantes \u00e0s 22h"},"content":{"rendered":"\n<p>Medida entrar\u00e1 em vigor nesta quinta-feira. Segunda onda preocupa<\/p>\n\n\n\n<p>Bares, restaurantes e outros estabelecimentos na Inglaterra ser\u00e3o fechados \u00e0s 22 horas a partir de quinta-feira (24), enquanto o primeiro-ministro brit\u00e2nico, Boris Johnson, anuncia medidas para combater a segunda onda de infec\u00e7\u00f5es da covid-19.<\/p>\n\n\n\n<p>Johnson, que ir\u00e1 se pronunciar nesta ter\u00e7a-feira (22), dir\u00e1 que o setor de hospitalidade tamb\u00e9m estar\u00e1 restrito a atendimento apenas em mesas, segundo trechos do pronunciamento oferecidos por seu gabinete de Downing Street.<\/p>\n\n\n\n<p>&#8220;Ningu\u00e9m subestima os desafios que as novas medidas ir\u00e3o representar para indiv\u00edduos e empresas. Sabemos que n\u00e3o ser\u00e1 f\u00e1cil, mas precisamos tomar mais medidas para controlar o recrudescimento de casos do v\u00edrus e para proteger a NHS&#8221;, dir\u00e1 Johnson, em refer\u00eancia ao Sistema Nacional de Sa\u00fade brit\u00e2nico (NHS, na sigla em ingl\u00eas).<\/p>\n\n\n\n<p>As a\u00e7\u00f5es de grupos de pubs e restaurantes brit\u00e2nicos listados despencaram ontem. Embora n\u00e3o exista ainda uma pol\u00edtica consistente para o pa\u00eds, a medida ir\u00e1 adiantar o hor\u00e1rio de fechamento em pelo menos uma hora para a maior parte das \u00e1reas do pa\u00eds.<\/p>\n\n\n\n<p>O Reino Unido enfrentar\u00e1 um n\u00famero de mortos em crescimento exponencial pela covid-19 nas pr\u00f3ximas semanas, a n\u00e3o ser que a\u00e7\u00f5es urgentes sejam tomadas para impedir a propaga\u00e7\u00e3o de uma segunda onda da pandemia no pa\u00eds, alertaram importantes autoridades de sa\u00fade no pa\u00eds.<\/p>\n\n\n\n<p>O n\u00edvel de alerta para a Covid-19 no pa\u00eds foi do n\u00edvel 3 para o n\u00edvel 4, ap\u00f3s dados mostrarem que o n\u00famero de casos estava em crescimento r\u00e1pido. O n\u00edvel 4 indica que o v\u00edrus est\u00e1 em circula\u00e7\u00e3o geral e a transmiss\u00e3o \u00e9 alta ou est\u00e1 em crescimento exponencial.<\/p>\n\n\n\n<p>Davey &#8211; da ag\u00eancia Reuters &#8211; Londres<\/p>\n","protected":false},"excerpt":{"rendered":"<p>Medida entrar\u00e1 em vigor nesta quinta-feira. Segunda onda preocupa Bares, restaurantes e outros estabelecimentos na<\/p>\n","protected":false},"author":2,"featured_media":901,"comment_status":"open","ping_status":"open","sticky":false,"template":"","format":"standard","meta":{"footnotes":""},"categories":[17],"tags":[],"class_list":["post-900","post","type-post","status-publish","format-standard","has-post-thumbnail","hentry","category-outras-noticias"],"_links":{"self":[{"href":"https:\/\/tvc16.com\/portal\/wp-json\/wp\/v2\/posts\/900","targetHints":{"allow":["GET"]}}],"collection":[{"href":"https:\/\/tvc16.com\/portal\/wp-json\/wp\/v2\/posts"}],"about":[{"href":"https:\/\/tvc16.com\/portal\/wp-json\/wp\/v2\/types\/post"}],"author":[{"embeddable":true,"href":"https:\/\/tvc16.com\/portal\/wp-json\/wp\/v2\/users\/2"}],"replies":[{"embeddable":true,"href":"https:\/\/tvc16.com\/portal\/wp-json\/wp\/v2\/comments?post=900"}],"version-history":[{"count":1,"href":"https:\/\/tvc16.com\/portal\/wp-json\/wp\/v2\/posts\/900\/revisions"}],"predecessor-version":[{"id":902,"href":"https:\/\/tvc16.com\/portal\/wp-json\/wp\/v2\/posts\/900\/revisions\/902"}],"wp:featuredmedia":[{"embeddable":true,"href":"https:\/\/tvc16.com\/portal\/wp-json\/wp\/v2\/media\/901"}],"wp:attachment":[{"href":"https:\/\/tvc16.com\/portal\/wp-json\/wp\/v2\/media?parent=900"}],"wp:term":[{"taxonomy":"category","embeddable":true,"href":"https:\/\/tvc16.com\/portal\/wp-json\/wp\/v2\/categories?post=900"},{"taxonomy":"post_tag","embeddable":true,"href":"https:\/\/tvc16.com\/portal\/wp-json\/wp\/v2\/tags?post=900"}],"curies":[{"name":"wp","href":"https:\/\/api.w.org\/{rel}","templated":true}]}}