{"id":9003,"date":"2020-12-30T23:10:29","date_gmt":"2020-12-31T02:10:29","guid":{"rendered":"https:\/\/tvc16.com\/portal\/?p=9003"},"modified":"2020-12-30T23:11:47","modified_gmt":"2020-12-31T02:11:47","slug":"forca-tarefa-do-cbmerj-tera-reforco-para-acoes-de-fiscalizacao-em-eventos-durante-o-reveillon","status":"publish","type":"post","link":"https:\/\/tvc16.com\/portal\/2020\/12\/30\/forca-tarefa-do-cbmerj-tera-reforco-para-acoes-de-fiscalizacao-em-eventos-durante-o-reveillon\/","title":{"rendered":"For\u00e7a-tarefa do CBMERJ ter\u00e1 refor\u00e7o para a\u00e7\u00f5es de fiscaliza\u00e7\u00e3o em eventos durante o R\u00e9veillon"},"content":{"rendered":"\n<p>A for\u00e7a-tarefa do Corpo de Bombeiros RJ contra a Covid-19 ganhar\u00e1 refor\u00e7o no per\u00edodo das festas de R\u00e9veillon. De 30 de dezembro a 4 de janeiro, a corpora\u00e7\u00e3o vai aumentar em 40% o efetivo empenhado e em 100% o per\u00edodo de fiscaliza\u00e7\u00e3o. Quarenta e tr\u00eas equipes de interven\u00e7\u00e3o r\u00e1pida v\u00e3o realizar vistorias em locais com eventos de reuni\u00e3o de p\u00fablico, das 13h \u00e0s 5h.<\/p>\n\n\n\n<p>&#8211; O Corpo de Bombeiros RJ segue na miss\u00e3o de salvar vidas. Estamos fazendo a nossa parte, ampliando a fiscaliza\u00e7\u00e3o e divulgando as orienta\u00e7\u00f5es de preven\u00e7\u00e3o contra a doen\u00e7a. Mas essa \u00e9 uma responsabilidade compartilhada. A sociedade tem que abra\u00e7ar a causa para ajudar a frear o avan\u00e7o do coronav\u00edrus &#8211; afirmou o comandante-geral do CBMERJ e secret\u00e1rio de Estado de Defesa Civil, coronel Leandro Monteiro.<\/p>\n\n\n\n<p>Desde 25 de novembro, o Corpo de Bombeiros j\u00e1 realizou mais de 637 procedimentos administrativos &#8211; entre emiss\u00e3o de notifica\u00e7\u00f5es, autos de infra\u00e7\u00f5es e interdi\u00e7\u00f5es em todo o Estado. Neste per\u00edodo, ocorreram 147 interdi\u00e7\u00f5es. At\u00e9 o momento, foram registradas 365 den\u00fancias relacionadas a aglomera\u00e7\u00f5es em eventos.&nbsp;<\/p>\n\n\n\n<p>De acordo com o decreto 47.345 de 5 de novembro, os produtores de eventos devem garantir o distanciamento social, o uso de m\u00e1scara facial, a utiliza\u00e7\u00e3o de \u00e1lcool 70% e a lota\u00e7\u00e3o m\u00e1xima de 50% da capacidade total.&nbsp;<\/p>\n\n\n\n<p>Lembrando que cabe aos administradores das edifica\u00e7\u00f5es e aos produtores de eventos estar em conformidade com as determina\u00e7\u00f5es e cumprir a legisla\u00e7\u00e3o.<\/p>\n","protected":false},"excerpt":{"rendered":"<p>A for\u00e7a-tarefa do Corpo de Bombeiros RJ contra a Covid-19 ganhar\u00e1 refor\u00e7o no per\u00edodo das<\/p>\n","protected":false},"author":2,"featured_media":9006,"comment_status":"open","ping_status":"open","sticky":false,"template":"","format":"standard","meta":{"footnotes":""},"categories":[17],"tags":[],"class_list":["post-9003","post","type-post","status-publish","format-standard","has-post-thumbnail","hentry","category-outras-noticias"],"_links":{"self":[{"href":"https:\/\/tvc16.com\/portal\/wp-json\/wp\/v2\/posts\/9003","targetHints":{"allow":["GET"]}}],"collection":[{"href":"https:\/\/tvc16.com\/portal\/wp-json\/wp\/v2\/posts"}],"about":[{"href":"https:\/\/tvc16.com\/portal\/wp-json\/wp\/v2\/types\/post"}],"author":[{"embeddable":true,"href":"https:\/\/tvc16.com\/portal\/wp-json\/wp\/v2\/users\/2"}],"replies":[{"embeddable":true,"href":"https:\/\/tvc16.com\/portal\/wp-json\/wp\/v2\/comments?post=9003"}],"version-history":[{"count":1,"href":"https:\/\/tvc16.com\/portal\/wp-json\/wp\/v2\/posts\/9003\/revisions"}],"predecessor-version":[{"id":9005,"href":"https:\/\/tvc16.com\/portal\/wp-json\/wp\/v2\/posts\/9003\/revisions\/9005"}],"wp:featuredmedia":[{"embeddable":true,"href":"https:\/\/tvc16.com\/portal\/wp-json\/wp\/v2\/media\/9006"}],"wp:attachment":[{"href":"https:\/\/tvc16.com\/portal\/wp-json\/wp\/v2\/media?parent=9003"}],"wp:term":[{"taxonomy":"category","embeddable":true,"href":"https:\/\/tvc16.com\/portal\/wp-json\/wp\/v2\/categories?post=9003"},{"taxonomy":"post_tag","embeddable":true,"href":"https:\/\/tvc16.com\/portal\/wp-json\/wp\/v2\/tags?post=9003"}],"curies":[{"name":"wp","href":"https:\/\/api.w.org\/{rel}","templated":true}]}}