{"id":9012,"date":"2020-12-30T23:23:53","date_gmt":"2020-12-31T02:23:53","guid":{"rendered":"https:\/\/tvc16.com\/portal\/?p=9012"},"modified":"2020-12-30T23:23:56","modified_gmt":"2020-12-31T02:23:56","slug":"iptu-2021-cota-unica-pode-ser-paga-com-desconto-de-9-com-vencimento-ate-o-dia-05-01","status":"publish","type":"post","link":"https:\/\/tvc16.com\/portal\/2020\/12\/30\/iptu-2021-cota-unica-pode-ser-paga-com-desconto-de-9-com-vencimento-ate-o-dia-05-01\/","title":{"rendered":"IPTU 2021: cota \u00fanica pode ser paga com desconto de 9% com vencimento at\u00e9 o dia 05\/01"},"content":{"rendered":"\n<p>A Secretaria de Fazenda vai montar um atendimento especial no Centro de Cultura Raul de Leoni nos dias 04 e 05 de janeiro para aqueles contribuintes que queiram quitar o IPTU\/2021 em cota \u00fanica com desconto de 9%, com vencimento para o dia 05. Mas vale ressaltar que o atendimento ser\u00e1 direcionado apenas para esse per\u00edodo. &nbsp;<\/p>\n\n\n\n<p>Para aqueles contribuintes que queiram recolher as parcelas mensais ou quitar a cota \u00fanica em fevereiro ou mar\u00e7o com desconto, o atendimento ser\u00e1 liberado apenas no dia 06 de janeiro de 2021.<\/p>\n\n\n\n<p>Para o atendimento o contribuinte dever\u00e1 levar o n\u00famero da inscri\u00e7\u00e3o imobili\u00e1ria ou um carn\u00ea anterior para ser atendido.<\/p>\n","protected":false},"excerpt":{"rendered":"<p>A Secretaria de Fazenda vai montar um atendimento especial no Centro de Cultura Raul de<\/p>\n","protected":false},"author":2,"featured_media":9013,"comment_status":"open","ping_status":"open","sticky":false,"template":"","format":"standard","meta":{"footnotes":""},"categories":[12],"tags":[],"class_list":["post-9012","post","type-post","status-publish","format-standard","has-post-thumbnail","hentry","category-cidade"],"_links":{"self":[{"href":"https:\/\/tvc16.com\/portal\/wp-json\/wp\/v2\/posts\/9012","targetHints":{"allow":["GET"]}}],"collection":[{"href":"https:\/\/tvc16.com\/portal\/wp-json\/wp\/v2\/posts"}],"about":[{"href":"https:\/\/tvc16.com\/portal\/wp-json\/wp\/v2\/types\/post"}],"author":[{"embeddable":true,"href":"https:\/\/tvc16.com\/portal\/wp-json\/wp\/v2\/users\/2"}],"replies":[{"embeddable":true,"href":"https:\/\/tvc16.com\/portal\/wp-json\/wp\/v2\/comments?post=9012"}],"version-history":[{"count":1,"href":"https:\/\/tvc16.com\/portal\/wp-json\/wp\/v2\/posts\/9012\/revisions"}],"predecessor-version":[{"id":9014,"href":"https:\/\/tvc16.com\/portal\/wp-json\/wp\/v2\/posts\/9012\/revisions\/9014"}],"wp:featuredmedia":[{"embeddable":true,"href":"https:\/\/tvc16.com\/portal\/wp-json\/wp\/v2\/media\/9013"}],"wp:attachment":[{"href":"https:\/\/tvc16.com\/portal\/wp-json\/wp\/v2\/media?parent=9012"}],"wp:term":[{"taxonomy":"category","embeddable":true,"href":"https:\/\/tvc16.com\/portal\/wp-json\/wp\/v2\/categories?post=9012"},{"taxonomy":"post_tag","embeddable":true,"href":"https:\/\/tvc16.com\/portal\/wp-json\/wp\/v2\/tags?post=9012"}],"curies":[{"name":"wp","href":"https:\/\/api.w.org\/{rel}","templated":true}]}}