{"id":9026,"date":"2020-12-31T06:28:57","date_gmt":"2020-12-31T09:28:57","guid":{"rendered":"https:\/\/tvc16.com\/portal\/?p=9026"},"modified":"2020-12-31T06:28:59","modified_gmt":"2020-12-31T09:28:59","slug":"petropolis-registra-ate-esta-quarta-feira-30-mais-20-obitos-pela-covid-19-com-estes-a-cidade-ja-tem-365-mortes-pela-doenca","status":"publish","type":"post","link":"https:\/\/tvc16.com\/portal\/2020\/12\/31\/petropolis-registra-ate-esta-quarta-feira-30-mais-20-obitos-pela-covid-19-com-estes-a-cidade-ja-tem-365-mortes-pela-doenca\/","title":{"rendered":"Petr\u00f3polis registra at\u00e9 esta quarta-feira (30) mais 20 \u00f3bitos, pela Covid-19. Com estes, a Cidade j\u00e1 tem 365 mortes pela doen\u00e7a"},"content":{"rendered":"\n<p>A Secretaria de Sa\u00fade informou, no facebook da prefeitura, que recebeu mais 20 resultados confirmando o falecimento por COVID-19 em Petr\u00f3polis.<\/p>\n\n\n\n<p>Confira o boletim:<\/p>\n\n\n\n<figure class=\"wp-block-image size-large\"><img loading=\"lazy\" decoding=\"async\" width=\"1024\" height=\"1024\" src=\"https:\/\/tvc16.com\/portal\/wp-content\/uploads\/2020\/12\/FB_IMG_1609406076663-1024x1024.jpg\" alt=\"\" class=\"wp-image-9021\" srcset=\"https:\/\/tvc16.com\/portal\/wp-content\/uploads\/2020\/12\/FB_IMG_1609406076663-1024x1024.jpg 1024w, https:\/\/tvc16.com\/portal\/wp-content\/uploads\/2020\/12\/FB_IMG_1609406076663-300x300.jpg 300w, https:\/\/tvc16.com\/portal\/wp-content\/uploads\/2020\/12\/FB_IMG_1609406076663-150x150.jpg 150w, https:\/\/tvc16.com\/portal\/wp-content\/uploads\/2020\/12\/FB_IMG_1609406076663-768x768.jpg 768w, https:\/\/tvc16.com\/portal\/wp-content\/uploads\/2020\/12\/FB_IMG_1609406076663.jpg 1080w\" sizes=\"auto, (max-width: 1024px) 100vw, 1024px\" \/><\/figure>\n","protected":false},"excerpt":{"rendered":"<p>A Secretaria de Sa\u00fade informou, no facebook da prefeitura, que recebeu mais 20 resultados confirmando<\/p>\n","protected":false},"author":2,"featured_media":9022,"comment_status":"open","ping_status":"open","sticky":false,"template":"","format":"standard","meta":{"footnotes":""},"categories":[12],"tags":[],"class_list":["post-9026","post","type-post","status-publish","format-standard","has-post-thumbnail","hentry","category-cidade"],"_links":{"self":[{"href":"https:\/\/tvc16.com\/portal\/wp-json\/wp\/v2\/posts\/9026","targetHints":{"allow":["GET"]}}],"collection":[{"href":"https:\/\/tvc16.com\/portal\/wp-json\/wp\/v2\/posts"}],"about":[{"href":"https:\/\/tvc16.com\/portal\/wp-json\/wp\/v2\/types\/post"}],"author":[{"embeddable":true,"href":"https:\/\/tvc16.com\/portal\/wp-json\/wp\/v2\/users\/2"}],"replies":[{"embeddable":true,"href":"https:\/\/tvc16.com\/portal\/wp-json\/wp\/v2\/comments?post=9026"}],"version-history":[{"count":1,"href":"https:\/\/tvc16.com\/portal\/wp-json\/wp\/v2\/posts\/9026\/revisions"}],"predecessor-version":[{"id":9027,"href":"https:\/\/tvc16.com\/portal\/wp-json\/wp\/v2\/posts\/9026\/revisions\/9027"}],"wp:featuredmedia":[{"embeddable":true,"href":"https:\/\/tvc16.com\/portal\/wp-json\/wp\/v2\/media\/9022"}],"wp:attachment":[{"href":"https:\/\/tvc16.com\/portal\/wp-json\/wp\/v2\/media?parent=9026"}],"wp:term":[{"taxonomy":"category","embeddable":true,"href":"https:\/\/tvc16.com\/portal\/wp-json\/wp\/v2\/categories?post=9026"},{"taxonomy":"post_tag","embeddable":true,"href":"https:\/\/tvc16.com\/portal\/wp-json\/wp\/v2\/tags?post=9026"}],"curies":[{"name":"wp","href":"https:\/\/api.w.org\/{rel}","templated":true}]}}