{"id":9028,"date":"2020-12-31T07:08:27","date_gmt":"2020-12-31T10:08:27","guid":{"rendered":"https:\/\/tvc16.com\/portal\/?p=9028"},"modified":"2020-12-31T07:08:30","modified_gmt":"2020-12-31T10:08:30","slug":"comecar-do-zero-ou-dar-continuidade-o-desafio-que-os-novos-prefeitos-vao-enfrentar-a-partir-desta-sexta-1o","status":"publish","type":"post","link":"https:\/\/tvc16.com\/portal\/2020\/12\/31\/comecar-do-zero-ou-dar-continuidade-o-desafio-que-os-novos-prefeitos-vao-enfrentar-a-partir-desta-sexta-1o\/","title":{"rendered":"Come\u00e7ar do \u201czero\u201d ou dar continuidade? O desafio que os novos prefeitos v\u00e3o enfrentar a partir desta sexta (1\u00ba)"},"content":{"rendered":"\n<p>Gestores devem decidir se d\u00e3o seguimento a programas sociais, obras e pol\u00edticas p\u00fablicas positivas de seus antecessores<\/p>\n\n\n\n<p>A partir de sexta-feira (1\u00ba), novos prefeitos v\u00e3o tomar posse em todo o Pa\u00eds. E, al\u00e9m do desafio de assumir os munic\u00edpios em meio \u00e0 pandemia da Covid-19, os gestores devem decidir se v\u00e3o dar continuidade aos programas sociais, pol\u00edticas p\u00fablicas e obras que a gest\u00e3o anterior deixou.&nbsp;<\/p>\n\n\n\n<p>A regra que costuma imperar Brasil adentro \u00e9 de que os feitos do mandat\u00e1rio anterior, principalmente se for de um partido da oposi\u00e7\u00e3o, devem ser interrompidos. O que prevalece, segundo especialistas ouvidos pelo portal Brasil61.com, \u00e9 o jogo pol\u00edtico. Come\u00e7a-se tudo do zero.&nbsp;<\/p>\n\n\n\n<p>Fundador e secret\u00e1rio geral da Associa\u00e7\u00e3o Contas Abertas, Gil Castello Branco destaca que a descontinuidade administrativa \u00e9 um dos males da administra\u00e7\u00e3o p\u00fablica brasileira, das prefeituras at\u00e9 a Uni\u00e3o. \u201cAquele governante que acabou de ser eleito, ao inv\u00e9s de concluir as obras passadas, prefere iniciar as suas pr\u00f3prias, porque ele acha que iniciando as suas obras, as mesmas ter\u00e3o a sua marca. \u00c9 uma quest\u00e3o pol\u00edtica, mas que prejudica profundamente os cidad\u00e3os\u201d, avalia.&nbsp;<\/p>\n\n\n\n<p>Segundo Nau\u00ea Bernardo Azevedo, cientista pol\u00edtico e advogado especialista em direito p\u00fablico, h\u00e1 v\u00e1rias explica\u00e7\u00f5es para que programas sociais considerados positivos pela popula\u00e7\u00e3o sejam interrompidos quando um novo gestor assume o cargo. \u201cA vontade desse novo gestor eleito trazer programas que tenham o seu carimbo, o seu nome, alguma forma de fazer com que as pessoas lembrem especificamente de sua figura enquanto detentora deste cargo eletivo\u201d, cita. &nbsp;<\/p>\n\n\n\n<p>No entanto, h\u00e1 casos em que h\u00e1 aus\u00eancia de recursos financeiros permitam a continuidade, ele explica. O fim do Aux\u00edlio Emergencial, embora este n\u00e3o seja uma pol\u00edtica p\u00fablica a n\u00edvel municipal, \u00e9 o exemplo de um programa social que n\u00e3o deve continuar devido ao impacto fiscal que teria aos cofres p\u00fablicos federais.&nbsp;<\/p>\n\n\n\n<p><strong><a href=\"https:\/\/brasil61.com\/noticias\/especial-equipe-de-transicao-e-importante-para-governo-manter-beneficios-a-populacao-bras202977\">Especial: equipe de transi\u00e7\u00e3o \u00e9 importante para governo manter benef\u00edcios \u00e0 popula\u00e7\u00e3o<\/a><\/strong><\/p>\n\n\n\n<p><strong><a href=\"https:\/\/brasil61.com\/noticias\/eleicoes-2020-cartilha-orienta-candidatos-novos-reeleitos-e-que-vao-deixar-o-cargo-sobre-responsabilidade-fiscal-na-gestao-bras202595\">Elei\u00e7\u00f5es 2020: cartilha orienta candidatos novos, reeleitos e que v\u00e3o deixar o cargo sobre responsabilidade fiscal na gest\u00e3o<\/a><\/strong><\/p>\n\n\n\n<h2 class=\"wp-block-heading\">Preju\u00edzo<\/h2>\n\n\n\n<p>Relat\u00f3rio do Tribunal de Contas da Uni\u00e3o (TCU), em 2018, identificou mais de 14 mil obras paradas em todo o Pa\u00eds. Esses empreendimentos inacabados j\u00e1 custaram R$ 70 bilh\u00f5es aos cofres p\u00fablicos, destaca Gil Castello Branco. Para ele, a interrup\u00e7\u00e3o de programas sociais e pol\u00edticas p\u00fablicas apenas por motivos pol\u00edticos traz preju\u00edzos para a popula\u00e7\u00e3o. \u201cO maior preju\u00edzo \u00e9 da sociedade. Isso vale tanto para as obras, quanto para as pol\u00edticas p\u00fablicas, porque a interrup\u00e7\u00e3o dessas pol\u00edticas p\u00fablicas causa in\u00fameros problemas para aqueles que, at\u00e9 ent\u00e3o, vinham sendo os benefici\u00e1rios\u201d, alerta.&nbsp;<\/p>\n\n\n\n<p>Para Bernardo, a descontinuidade de boas pol\u00edticas p\u00fablicas por interesses pol\u00edticos \u00e9 ruim para a popula\u00e7\u00e3o e, sobretudo, para os benefici\u00e1rios de tais iniciativas. Ele d\u00e1 um conselho para os gestores que v\u00e3o tomar posse em janeiro. \u201cQue esses novos prefeitos lembrem que eles v\u00e3o e a prefeitura, o munic\u00edpio fica, e que os cidad\u00e3os v\u00e3o continuar precisando daqueles recursos e programas que s\u00e3o bons. Ter essa no\u00e7\u00e3o de que h\u00e1 uma continuidade com ou sem ele \u00e9 muito importante.\u201d, afirma.<\/p>\n\n\n\n<figure class=\"wp-block-embed is-type-rich is-provider-incorporar-manipulador wp-block-embed-incorporar-manipulador wp-embed-aspect-16-9 wp-has-aspect-ratio\"><div class=\"wp-block-embed__wrapper\">\n<iframe loading=\"lazy\" title=\"Gil Castello Branco, fundador e secret\u00e1rio-geral da Associa\u00e7\u00e3o Contas Abertas\" width=\"640\" height=\"360\" src=\"https:\/\/www.youtube.com\/embed\/lGfK9kfREA0?feature=oembed\" frameborder=\"0\" allow=\"accelerometer; autoplay; clipboard-write; encrypted-media; gyroscope; picture-in-picture; web-share\" referrerpolicy=\"strict-origin-when-cross-origin\" allowfullscreen><\/iframe>\n<\/div><\/figure>\n\n\n\n<h2 class=\"wp-block-heading\">De olho na LRF<\/h2>\n\n\n\n<p>Gil Castello Branco chama a aten\u00e7\u00e3o para o que diz o artigo 45 da<a href=\"http:\/\/www.planalto.gov.br\/ccivil_03\/leis\/lcp\/lcp101.htm\"> Lei de Responsabilidade Fiscal<\/a> (LRF). No que diz respeito ao in\u00edcio de novos empreendimentos, a lei pro\u00edbe que novas obras comecem sem a conclus\u00e3o das anteriores. \u201cFerindo a LRF, pode ensejar uma a\u00e7\u00e3o do Minist\u00e9rio P\u00fablico, dos Tribunais de Conta. Inclusive, o novo prefeito pode ser responsabilizado, at\u00e9 mesmo por crime de responsabilidade\u201d.&nbsp;<\/p>\n\n\n\n<p>Ele destaca, no entanto, que \u00e9 necess\u00e1rio haver dinheiro em caixa para que o prefeito d\u00ea seguimento a uma a\u00e7\u00e3o. &nbsp;\u201cCaso isso n\u00e3o tenha acontecido, ou seja, n\u00e3o tenha recursos para concluir aquilo que foi iniciado na gest\u00e3o passada, a\u00ed o prefeito que saiu ele tem que ser responsabilizado\u201d, diz.&nbsp;<\/p>\n\n\n\n<p>Fonte: <a href=\"https:\/\/brasil61.com\/noticias\/comecar-do-zero-ou-dar-continuidade-o-desafio-que-os-novos-prefeitos-vao-enfrentar-a-partir-desta-sexta-1-bras203234?email=bethdeoliveira@yahoo.com.br&amp;utm_source=newsletter&amp;utm_medium=newsletter&amp;utm_campaign=newsletter\" target=\"_blank\" rel=\"noreferrer noopener\">Brasil 61<\/a><\/p>\n","protected":false},"excerpt":{"rendered":"<p>Gestores devem decidir se d\u00e3o seguimento a programas sociais, obras e pol\u00edticas p\u00fablicas positivas de<\/p>\n","protected":false},"author":2,"featured_media":9030,"comment_status":"open","ping_status":"open","sticky":false,"template":"","format":"standard","meta":{"footnotes":""},"categories":[17],"tags":[],"class_list":["post-9028","post","type-post","status-publish","format-standard","has-post-thumbnail","hentry","category-outras-noticias"],"_links":{"self":[{"href":"https:\/\/tvc16.com\/portal\/wp-json\/wp\/v2\/posts\/9028","targetHints":{"allow":["GET"]}}],"collection":[{"href":"https:\/\/tvc16.com\/portal\/wp-json\/wp\/v2\/posts"}],"about":[{"href":"https:\/\/tvc16.com\/portal\/wp-json\/wp\/v2\/types\/post"}],"author":[{"embeddable":true,"href":"https:\/\/tvc16.com\/portal\/wp-json\/wp\/v2\/users\/2"}],"replies":[{"embeddable":true,"href":"https:\/\/tvc16.com\/portal\/wp-json\/wp\/v2\/comments?post=9028"}],"version-history":[{"count":1,"href":"https:\/\/tvc16.com\/portal\/wp-json\/wp\/v2\/posts\/9028\/revisions"}],"predecessor-version":[{"id":9031,"href":"https:\/\/tvc16.com\/portal\/wp-json\/wp\/v2\/posts\/9028\/revisions\/9031"}],"wp:featuredmedia":[{"embeddable":true,"href":"https:\/\/tvc16.com\/portal\/wp-json\/wp\/v2\/media\/9030"}],"wp:attachment":[{"href":"https:\/\/tvc16.com\/portal\/wp-json\/wp\/v2\/media?parent=9028"}],"wp:term":[{"taxonomy":"category","embeddable":true,"href":"https:\/\/tvc16.com\/portal\/wp-json\/wp\/v2\/categories?post=9028"},{"taxonomy":"post_tag","embeddable":true,"href":"https:\/\/tvc16.com\/portal\/wp-json\/wp\/v2\/tags?post=9028"}],"curies":[{"name":"wp","href":"https:\/\/api.w.org\/{rel}","templated":true}]}}