{"id":903,"date":"2020-09-22T13:20:28","date_gmt":"2020-09-22T13:20:28","guid":{"rendered":"https:\/\/tvc16.com\/portal\/?p=903"},"modified":"2020-09-22T13:20:28","modified_gmt":"2020-09-22T13:20:28","slug":"indicadores-recentes-sugerem-recuperacao-parcial-da-economia-diz-bc","status":"publish","type":"post","link":"https:\/\/tvc16.com\/portal\/2020\/09\/22\/indicadores-recentes-sugerem-recuperacao-parcial-da-economia-diz-bc\/","title":{"rendered":"Indicadores recentes sugerem recupera\u00e7\u00e3o parcial da economia, diz BC"},"content":{"rendered":"\n<p>Em ata, Copom diz que infla\u00e7\u00e3o deve se elevar no curto prazo<\/p>\n\n\n\n<p>A economia brasileira apresenta recupera\u00e7\u00e3o parcial, assim como ocorre em outros pa\u00edses. A avalia\u00e7\u00e3o \u00e9 do Comit\u00ea de Pol\u00edtica Monet\u00e1ria (Copom) do Banco Central (BC), na ata da \u00faltima reuni\u00e3o, divulgada hoje (22). No \u00faltimo dia 16, o Copom decidiu manter a taxa b\u00e1sica de juros, a Selic, em 2% ao ano.<\/p>\n\n\n\n<p>\u201cEm rela\u00e7\u00e3o \u00e0 atividade econ\u00f4mica brasileira, indicadores recentes sugerem uma recupera\u00e7\u00e3o parcial, com padr\u00e3o similar \u00e0 que ocorre em outras economias, onde os setores mais diretamente afetados pelo distanciamento social permanecem deprimidos\u201d, diz o Copom.<\/p>\n\n\n\n<p>Para o Copom, os programas governamentais de recomposi\u00e7\u00e3o de renda, como o aux\u00edlio emergencial, \u201ct\u00eam permitido uma retomada relativamente forte do consumo de bens dur\u00e1veis e do investimento\u201d. \u201cContudo, v\u00e1rias atividades do setor de servi\u00e7os, sobretudo aquelas mais diretamente afetadas pelo distanciamento social, permanecem bastante deprimidas. Prospectivamente, a pouca previsibilidade associada \u00e0 evolu\u00e7\u00e3o da pandemia e \u00e0 necess\u00e1ria redu\u00e7\u00e3o nos aux\u00edlios emergenciais a partir do final desse ano aumentam a incerteza sobre a velocidade de retomada da atividade econ\u00f4mica. O comit\u00ea ponderou que esta imprevisibilidade e os riscos associados \u00e0 evolu\u00e7\u00e3o da pandemia podem implicar um cen\u00e1rio dom\u00e9stico caracterizado por uma retomada ainda mais gradual da economia\u201d, avalia.<\/p>\n\n\n\n<p>Infla\u00e7\u00e3o<\/p>\n\n\n\n<p>Na ata, o Copom ressalta que a infla\u00e7\u00e3o ao consumidor deve se elevar no curto prazo. \u201cContribuem para esse movimento a alta tempor\u00e1ria nos pre\u00e7os dos alimentos e a normaliza\u00e7\u00e3o parcial do pre\u00e7o de alguns servi\u00e7os em um contexto de recupera\u00e7\u00e3o dos \u00edndices de mobilidade e do n\u00edvel de atividade. Os pre\u00e7os administrados devem apresentar varia\u00e7\u00e3o contida, destacando-se o recuo nas tarifas de plano de sa\u00fade em setembro e a queda projetada para o pre\u00e7o da gasolina a partir de outubro\u201d, diz o Copom.<\/p>\n\n\n\n<p>Em agosto, o \u00cdndice Nacional de Pre\u00e7os ao Consumidor Amplo (IPCA) ficou em 0,24%, a maior taxa para o m\u00eas desde 2016 (0,44%). O IPCA acumulou taxas de infla\u00e7\u00e3o de 0,70% no ano e de 2,44% em 12 meses. Em agosto, a infla\u00e7\u00e3o foi influenciada principalmente pelo aumento do custo dos transportes (0,82%) e dos alimentos (0,78%).<\/p>\n\n\n\n<p>Na ata, h\u00e1 dois cen\u00e1rios com proje\u00e7\u00f5es para a infla\u00e7\u00e3o neste ano. No primeiro cen\u00e1rio, a infla\u00e7\u00e3o termina 2020 em 2,1%, sobe para 2,9% em 2021 e chega a 3,3% em 2022. As proje\u00e7\u00f5es para a infla\u00e7\u00e3o de pre\u00e7os administrados s\u00e3o 0% em 2020, 4,3% em 2021 e 3,7% em 2022. Nesse cen\u00e1rio, a taxa de c\u00e2mbio fica constante em R$ 5,30 e a Selic encerra 2020 em 2% ao ano, se eleva para 2,5% ao ano em 2021 e 4,5% ao ano em 2022 (de acordo com a pesquisa do BC ao mercado financeiro para a taxa b\u00e1sica).<\/p>\n\n\n\n<p>No cen\u00e1rio com taxa de juros constante a 2% ao ano e taxa de c\u00e2mbio constante a R$5,30, as proje\u00e7\u00f5es de infla\u00e7\u00e3o ficam em 2,1% em 2020, 3% em 2021 e 3,8% em 2022. Nesse cen\u00e1rio, as proje\u00e7\u00f5es para a infla\u00e7\u00e3o de pre\u00e7os administrados s\u00e3o 0% para 2020, 4,3% para 2021 e 3,9% para 2022.<\/p>\n\n\n\n<p>As estimativas para 2020 est\u00e3o abaixo do piso da meta de infla\u00e7\u00e3o que deve ser perseguida pelo Banco Central. A meta, definida pelo Conselho Monet\u00e1rio Nacional, \u00e9 de 4% em 2020, com intervalo de toler\u00e2ncia de 1,5 ponto percentual para cima ou para baixo. Ou seja, o limite inferior \u00e9 2,5% e o superior, 5,5%.<\/p>\n\n\n\n<p>Para 2021, a meta \u00e9 3,75%, para 2022, 3,50%, e para 2023, 3,25%, com intervalo de 1,5 ponto percentual para cima ou para baixo em cada ano.<\/p>\n\n\n\n<p>Taxa de juros<\/p>\n\n\n\n<p>O comit\u00ea reconhece que pode haver necessidade de redu\u00e7\u00f5es na taxa b\u00e1sica de juros, a Selic, mas por \u201cquest\u00f5es prudenciais e de estabilidade financeira\u201d, se houver mais cortes, ser\u00e3o pequenos e de graduais. \u201cO Copom entende que a conjuntura econ\u00f4mica continua a prescrever est\u00edmulo monet\u00e1rio extraordinariamente elevado [taxa Selic baixa], mas reconhece que, devido a quest\u00f5es prudenciais e de estabilidade financeira, o espa\u00e7o remanescente para utiliza\u00e7\u00e3o da pol\u00edtica monet\u00e1ria, se houver, deve ser pequeno. Consequentemente, eventuais ajustes futuros no atual grau de est\u00edmulo ocorreriam com gradualismo adicional e depender\u00e3o da percep\u00e7\u00e3o sobre a trajet\u00f3ria fiscal [contas p\u00fablicas sob controle], assim como de novas informa\u00e7\u00f5es que alterem a atual avalia\u00e7\u00e3o do Copom sobre a infla\u00e7\u00e3o prospectiva\u201d, diz o Copom.<\/p>\n\n\n\n<p>Kelly Oliveira \u2013 Rep\u00f3rter da Ag\u00eancia Brasil &#8211; Bras\u00edlia<\/p>\n\n\n\n<p>Edi\u00e7\u00e3o: Val\u00e9ria Aguiar<\/p>\n","protected":false},"excerpt":{"rendered":"<p>Em ata, Copom diz que infla\u00e7\u00e3o deve se elevar no curto prazo A economia brasileira<\/p>\n","protected":false},"author":2,"featured_media":904,"comment_status":"open","ping_status":"open","sticky":false,"template":"","format":"standard","meta":{"footnotes":""},"categories":[14],"tags":[],"class_list":["post-903","post","type-post","status-publish","format-standard","has-post-thumbnail","hentry","category-pais"],"_links":{"self":[{"href":"https:\/\/tvc16.com\/portal\/wp-json\/wp\/v2\/posts\/903","targetHints":{"allow":["GET"]}}],"collection":[{"href":"https:\/\/tvc16.com\/portal\/wp-json\/wp\/v2\/posts"}],"about":[{"href":"https:\/\/tvc16.com\/portal\/wp-json\/wp\/v2\/types\/post"}],"author":[{"embeddable":true,"href":"https:\/\/tvc16.com\/portal\/wp-json\/wp\/v2\/users\/2"}],"replies":[{"embeddable":true,"href":"https:\/\/tvc16.com\/portal\/wp-json\/wp\/v2\/comments?post=903"}],"version-history":[{"count":1,"href":"https:\/\/tvc16.com\/portal\/wp-json\/wp\/v2\/posts\/903\/revisions"}],"predecessor-version":[{"id":905,"href":"https:\/\/tvc16.com\/portal\/wp-json\/wp\/v2\/posts\/903\/revisions\/905"}],"wp:featuredmedia":[{"embeddable":true,"href":"https:\/\/tvc16.com\/portal\/wp-json\/wp\/v2\/media\/904"}],"wp:attachment":[{"href":"https:\/\/tvc16.com\/portal\/wp-json\/wp\/v2\/media?parent=903"}],"wp:term":[{"taxonomy":"category","embeddable":true,"href":"https:\/\/tvc16.com\/portal\/wp-json\/wp\/v2\/categories?post=903"},{"taxonomy":"post_tag","embeddable":true,"href":"https:\/\/tvc16.com\/portal\/wp-json\/wp\/v2\/tags?post=903"}],"curies":[{"name":"wp","href":"https:\/\/api.w.org\/{rel}","templated":true}]}}