{"id":9032,"date":"2020-12-31T08:14:50","date_gmt":"2020-12-31T11:14:50","guid":{"rendered":"https:\/\/tvc16.com\/portal\/?p=9032"},"modified":"2020-12-31T08:34:12","modified_gmt":"2020-12-31T11:34:12","slug":"ucp-oferece-oito-cursos-de-ferias-entre-eles-atividades-gratuitas-inscricoes-ja-estao-abertas-no-site-ucp-br-e-aulas-on-line-serao-realizadas-durante-o-mes-de-janeiro-e-fevereiro","status":"publish","type":"post","link":"https:\/\/tvc16.com\/portal\/2020\/12\/31\/ucp-oferece-oito-cursos-de-ferias-entre-eles-atividades-gratuitas-inscricoes-ja-estao-abertas-no-site-ucp-br-e-aulas-on-line-serao-realizadas-durante-o-mes-de-janeiro-e-fevereiro\/","title":{"rendered":"UCP oferece oito cursos de f\u00e9rias, entre eles atividades gratuitas. Inscri\u00e7\u00f5es j\u00e1 est\u00e3o abertas no site ucp.br e aulas on-line ser\u00e3o realizadas durante o m\u00eas de janeiro e fevereiro"},"content":{"rendered":"\n<p>A Universidade Cat\u00f3lica de Petr\u00f3polis (UCP) est\u00e1 com inscri\u00e7\u00e3o aberta para oito cursos de f\u00e9rias, alguns deles gratuitos. As aulas, que ser\u00e3o on-line por meio de plataformas virtuais, ser\u00e3o realizadas  em janeiro e in\u00edcio de fevereiro. As inscri\u00e7\u00f5es e mais informa\u00e7\u00f5es sobre os cursos podem ser encontradas no site&nbsp;<a rel=\"noreferrer noopener\" target=\"_blank\" href=\"http:\/\/ucp.br\">ucp.br<\/a>.<\/p>\n\n\n\n<p>Na \u00e1rea de Humanas, est\u00e3o sendo oferecidos tr\u00eas cursos gratuitos:&nbsp;<em>A Antiguidade Greco-Romana: hist\u00f3ria, sociedade e cultura e a forma\u00e7\u00e3o do ocidente<\/em>, com inscri\u00e7\u00e3o at\u00e9 12 de janeiro e aulas de 13 a 15;&nbsp;<em>Hist\u00f3ria do pensamento filos\u00f3fico na antiguidade<\/em>, que acontece de 20 a 22 de janeiro e inscri\u00e7\u00e3o at\u00e9 19; e o curso&nbsp;<em>Religi\u00e3o e poder: os evang\u00e9licos na Nova Rep\u00fablica (1985-2018),<\/em>&nbsp;que ser\u00e1 oferecido nos dias 27 a 29 de janeiro e as inscri\u00e7\u00f5es encerram dia 26.<\/p>\n\n\n\n<div class=\"wp-block-image\"><figure class=\"aligncenter size-large\"><img loading=\"lazy\" decoding=\"async\" width=\"259\" height=\"194\" src=\"https:\/\/tvc16.com\/portal\/wp-content\/uploads\/2020\/12\/download-2.jpeg\" alt=\"\" class=\"wp-image-9037\" srcset=\"https:\/\/tvc16.com\/portal\/wp-content\/uploads\/2020\/12\/download-2.jpeg 259w, https:\/\/tvc16.com\/portal\/wp-content\/uploads\/2020\/12\/download-2-200x150.jpeg 200w\" sizes=\"auto, (max-width: 259px) 100vw, 259px\" \/><\/figure><\/div>\n\n\n\n<p>J\u00e1 na \u00e1rea das Ci\u00eancias Sociais Aplicadas, a Universidade est\u00e1 com quatro cursos de extens\u00e3o para os mais distintos campos de atua\u00e7\u00e3o. S\u00e3o eles:&nbsp;<em>Forma\u00e7\u00e3o de Black Belt em Lean Six Sigma<\/em>&nbsp;(para certificados em Green Belt), que come\u00e7a j\u00e1 no dia 6 de janeiro e as inscri\u00e7\u00f5es terminam no dia 4;&nbsp;<em>A\u00e7\u00f5es para a Qualidade e Produtividade<\/em>, que tem in\u00edcio no dia 7 e inscri\u00e7\u00f5es at\u00e9 5 de janeiro;&nbsp;<em>Forma\u00e7\u00e3o de Lean Office<\/em>, que encerra as inscri\u00e7\u00f5es no dia 12 de janeiro, com aulas iniciando dia 13; e&nbsp;<em>Compliance<\/em>, que acontece de 19 a 21 de janeiro e a inscri\u00e7\u00e3o vai at\u00e9 17.<\/p>\n\n\n\n<p>Al\u00e9m desses, tamb\u00e9m ser\u00e1 oferecido o curso de extens\u00e3o&nbsp;<em>Etnografia em ambientes digitais: Onde e como pesquisar?,&nbsp;<\/em>com inscri\u00e7\u00e3o aberta at\u00e9 3 de janeiro. Se quiser saber mais informa\u00e7\u00f5es sobre esse e todos os cursos de extens\u00e3o da UCP, os interessados devem acessar o site&nbsp;<a rel=\"noreferrer noopener\" target=\"_blank\" href=\"http:\/\/ucp.br\">ucp.br<\/a>.<\/p>\n","protected":false},"excerpt":{"rendered":"<p>A Universidade Cat\u00f3lica de Petr\u00f3polis (UCP) est\u00e1 com inscri\u00e7\u00e3o aberta para oito cursos de f\u00e9rias,<\/p>\n","protected":false},"author":2,"featured_media":9040,"comment_status":"open","ping_status":"open","sticky":false,"template":"","format":"standard","meta":{"footnotes":""},"categories":[12],"tags":[],"class_list":["post-9032","post","type-post","status-publish","format-standard","has-post-thumbnail","hentry","category-cidade"],"_links":{"self":[{"href":"https:\/\/tvc16.com\/portal\/wp-json\/wp\/v2\/posts\/9032","targetHints":{"allow":["GET"]}}],"collection":[{"href":"https:\/\/tvc16.com\/portal\/wp-json\/wp\/v2\/posts"}],"about":[{"href":"https:\/\/tvc16.com\/portal\/wp-json\/wp\/v2\/types\/post"}],"author":[{"embeddable":true,"href":"https:\/\/tvc16.com\/portal\/wp-json\/wp\/v2\/users\/2"}],"replies":[{"embeddable":true,"href":"https:\/\/tvc16.com\/portal\/wp-json\/wp\/v2\/comments?post=9032"}],"version-history":[{"count":3,"href":"https:\/\/tvc16.com\/portal\/wp-json\/wp\/v2\/posts\/9032\/revisions"}],"predecessor-version":[{"id":9043,"href":"https:\/\/tvc16.com\/portal\/wp-json\/wp\/v2\/posts\/9032\/revisions\/9043"}],"wp:featuredmedia":[{"embeddable":true,"href":"https:\/\/tvc16.com\/portal\/wp-json\/wp\/v2\/media\/9040"}],"wp:attachment":[{"href":"https:\/\/tvc16.com\/portal\/wp-json\/wp\/v2\/media?parent=9032"}],"wp:term":[{"taxonomy":"category","embeddable":true,"href":"https:\/\/tvc16.com\/portal\/wp-json\/wp\/v2\/categories?post=9032"},{"taxonomy":"post_tag","embeddable":true,"href":"https:\/\/tvc16.com\/portal\/wp-json\/wp\/v2\/tags?post=9032"}],"curies":[{"name":"wp","href":"https:\/\/api.w.org\/{rel}","templated":true}]}}