{"id":9048,"date":"2020-12-31T08:48:11","date_gmt":"2020-12-31T11:48:11","guid":{"rendered":"https:\/\/tvc16.com\/portal\/?p=9048"},"modified":"2020-12-31T08:48:13","modified_gmt":"2020-12-31T11:48:13","slug":"predio-do-antigo-clube-centenario-no-bingen-deve-abrigar-uma-unidade-basica-de-saude-ubs-e-um-centro-de-referencia-de-assistencia-social-cras","status":"publish","type":"post","link":"https:\/\/tvc16.com\/portal\/2020\/12\/31\/predio-do-antigo-clube-centenario-no-bingen-deve-abrigar-uma-unidade-basica-de-saude-ubs-e-um-centro-de-referencia-de-assistencia-social-cras\/","title":{"rendered":"Pr\u00e9dio do antigo Clube Centen\u00e1rio, no Bingen, deve abrigar uma Unidade B\u00e1sica de Sa\u00fade (UBS) e um Centro de Refer\u00eancia de Assist\u00eancia Social (CRAS)"},"content":{"rendered":"\n<p><strong>UBS Bingen: Obras tem in\u00edcio em janeiro<\/strong><\/p>\n\n\n\n<p>O prefeito Bernardo Rossi visitou, nessa quarta-feira (30) o pr\u00e9dio do antigo Clube Centen\u00e1rio, no Bingen, que vai abrigar uma Unidade B\u00e1sica de Sa\u00fade (UBS) e um Centro de Refer\u00eancia de Assist\u00eancia Social (CRAS). O governo municipal homologou o contrato com a empresa JBK, vencedora da licita\u00e7\u00e3o e que ficar\u00e1 respons\u00e1vel pela obra.<\/p>\n\n\n\n<p>O projeto para adapta\u00e7\u00e3o do pr\u00e9dio j\u00e1 est\u00e1 pronto desde junho deste ano. A ideia \u00e9 que o local seja preparado para atendimento de cerca de 15 mil pessoas da regi\u00e3o. O pr\u00e9dio, que foi desapropriado pela prefeitura, tem 800 m2.<\/p>\n\n\n\n<figure class=\"wp-block-image size-large\"><img loading=\"lazy\" decoding=\"async\" width=\"1024\" height=\"768\" src=\"https:\/\/tvc16.com\/portal\/wp-content\/uploads\/2020\/12\/WhatsApp-Image-2020-12-30-at-13.41.05-1024x768.jpeg\" alt=\"\" class=\"wp-image-9049\" srcset=\"https:\/\/tvc16.com\/portal\/wp-content\/uploads\/2020\/12\/WhatsApp-Image-2020-12-30-at-13.41.05-1024x768.jpeg 1024w, https:\/\/tvc16.com\/portal\/wp-content\/uploads\/2020\/12\/WhatsApp-Image-2020-12-30-at-13.41.05-300x225.jpeg 300w, https:\/\/tvc16.com\/portal\/wp-content\/uploads\/2020\/12\/WhatsApp-Image-2020-12-30-at-13.41.05-768x576.jpeg 768w, https:\/\/tvc16.com\/portal\/wp-content\/uploads\/2020\/12\/WhatsApp-Image-2020-12-30-at-13.41.05-200x150.jpeg 200w, https:\/\/tvc16.com\/portal\/wp-content\/uploads\/2020\/12\/WhatsApp-Image-2020-12-30-at-13.41.05.jpeg 1280w\" sizes=\"auto, (max-width: 1024px) 100vw, 1024px\" \/><\/figure>\n\n\n\n<p>\u201cVamos deixar tudo pronto para a obra ter in\u00edcio em janeiro. Esse local \u00e9 estrat\u00e9gico e vai beneficiar centenas de moradores da regi\u00e3o do Bingen e de localidades que ficam no seu entorno. Esse \u00e9 mais um legado que deixo para a cidade e tenho certeza que ser\u00e1 muito bem utilizado por todos\u201d, afirma o prefeito Bernardo Rossi, que estava acompanhado pelo vice-prefeito Baninho e pela secret\u00e1ria de Sa\u00fade, Fabiola Heck.<\/p>\n\n\n\n<p>As UBS oferecem atendimento m\u00e9dico cl\u00ednico geral, pediatria, enfermagem e dentista e s\u00e3o respons\u00e1veis pelo controle e preven\u00e7\u00e3o de doen\u00e7as com acompanhamento regular do paciente. Vale destacar que a constru\u00e7\u00e3o das UBS otimiza as a\u00e7\u00f5es de preven\u00e7\u00e3o e promo\u00e7\u00e3o de sa\u00fade com a assist\u00eancia prim\u00e1ria relacionados aos programas municipais sa\u00fade da mulher, da crian\u00e7a, hipertens\u00e3o e diabetes entre outros.<\/p>\n","protected":false},"excerpt":{"rendered":"<p>UBS Bingen: Obras tem in\u00edcio em janeiro O prefeito Bernardo Rossi visitou, nessa quarta-feira (30)<\/p>\n","protected":false},"author":2,"featured_media":9050,"comment_status":"open","ping_status":"open","sticky":false,"template":"","format":"standard","meta":{"footnotes":""},"categories":[12],"tags":[],"class_list":["post-9048","post","type-post","status-publish","format-standard","has-post-thumbnail","hentry","category-cidade"],"_links":{"self":[{"href":"https:\/\/tvc16.com\/portal\/wp-json\/wp\/v2\/posts\/9048","targetHints":{"allow":["GET"]}}],"collection":[{"href":"https:\/\/tvc16.com\/portal\/wp-json\/wp\/v2\/posts"}],"about":[{"href":"https:\/\/tvc16.com\/portal\/wp-json\/wp\/v2\/types\/post"}],"author":[{"embeddable":true,"href":"https:\/\/tvc16.com\/portal\/wp-json\/wp\/v2\/users\/2"}],"replies":[{"embeddable":true,"href":"https:\/\/tvc16.com\/portal\/wp-json\/wp\/v2\/comments?post=9048"}],"version-history":[{"count":1,"href":"https:\/\/tvc16.com\/portal\/wp-json\/wp\/v2\/posts\/9048\/revisions"}],"predecessor-version":[{"id":9051,"href":"https:\/\/tvc16.com\/portal\/wp-json\/wp\/v2\/posts\/9048\/revisions\/9051"}],"wp:featuredmedia":[{"embeddable":true,"href":"https:\/\/tvc16.com\/portal\/wp-json\/wp\/v2\/media\/9050"}],"wp:attachment":[{"href":"https:\/\/tvc16.com\/portal\/wp-json\/wp\/v2\/media?parent=9048"}],"wp:term":[{"taxonomy":"category","embeddable":true,"href":"https:\/\/tvc16.com\/portal\/wp-json\/wp\/v2\/categories?post=9048"},{"taxonomy":"post_tag","embeddable":true,"href":"https:\/\/tvc16.com\/portal\/wp-json\/wp\/v2\/tags?post=9048"}],"curies":[{"name":"wp","href":"https:\/\/api.w.org\/{rel}","templated":true}]}}