{"id":9052,"date":"2020-12-31T09:28:02","date_gmt":"2020-12-31T12:28:02","guid":{"rendered":"https:\/\/tvc16.com\/portal\/?p=9052"},"modified":"2020-12-31T09:28:05","modified_gmt":"2020-12-31T12:28:05","slug":"bolsonaro-anuncia-aumento-do-salario-minimo-para-r1-10000","status":"publish","type":"post","link":"https:\/\/tvc16.com\/portal\/2020\/12\/31\/bolsonaro-anuncia-aumento-do-salario-minimo-para-r1-10000\/","title":{"rendered":"Bolsonaro anuncia aumento do sal\u00e1rio m\u00ednimo para R$1.100,00"},"content":{"rendered":"\n<h3 class=\"wp-block-heading\">Valor representa reajuste de 5,26% em rela\u00e7\u00e3o ao valor atual<\/h3>\n\n\n\n<h4 class=\"wp-block-heading\"> <\/h4>\n\n\n\n<p>O presidente Jair Bolsonaro anunciou hoje (30), em redes sociais, a assinatura de uma medida provis\u00f3ria (MP) que elevar\u00e1 o sal\u00e1rio m\u00ednimo para R$ 1.100, com vig\u00eancia a partir de 1\u00ba de janeiro. O valor atual \u00e9 de R$ 1.045.<img decoding=\"async\" src=\"https:\/\/agenciabrasil.ebc.com.br\/ebc.png?id=1397639&amp;o=node\"><img decoding=\"async\" src=\"https:\/\/agenciabrasil.ebc.com.br\/ebc.gif?id=1397639&amp;o=node\"><\/p>\n\n\n\n<p>\u201cO valor de R$ 1.100,00 se refere ao sal\u00e1rio m\u00ednimo nacional. O valor \u00e9 aplic\u00e1vel a todos os trabalhadores, do setor p\u00fablico e privado, e tamb\u00e9m para as aposentadorias e pens\u00f5es\u201d, afirmou o presidente.<\/p>\n\n\n\n<p>Em meados de dezembro, o Congresso havia aprovado a Lei de Diretrizes Or\u00e7ament\u00e1rias (LDO) para 2021, fixando o sal\u00e1rio-m\u00ednimo em R$ 1.088. Na proposta aprovada pelos parlamentares, n\u00e3o houve aumento real no sal\u00e1rio, tendo sido feita apenas a corre\u00e7\u00e3o com base na previs\u00e3o da infla\u00e7\u00e3o acumulada no ano, de acordo com o \u00cdndice Nacional de Pre\u00e7os ao Consumidor (INPC).<\/p>\n\n\n\n<p>Por Marcelo Brand\u00e3o &#8211; Rep\u00f3rter da Ag\u00eancia Brasil &#8211; Bras\u00edlia<\/p>\n\n\n\n<p>Edi\u00e7\u00e3o: Pedro Ivo de Oliveira<\/p>\n","protected":false},"excerpt":{"rendered":"<p>Valor representa reajuste de 5,26% em rela\u00e7\u00e3o ao valor atual O presidente Jair Bolsonaro anunciou<\/p>\n","protected":false},"author":2,"featured_media":9053,"comment_status":"open","ping_status":"open","sticky":false,"template":"","format":"standard","meta":{"footnotes":""},"categories":[17],"tags":[],"class_list":["post-9052","post","type-post","status-publish","format-standard","has-post-thumbnail","hentry","category-outras-noticias"],"_links":{"self":[{"href":"https:\/\/tvc16.com\/portal\/wp-json\/wp\/v2\/posts\/9052","targetHints":{"allow":["GET"]}}],"collection":[{"href":"https:\/\/tvc16.com\/portal\/wp-json\/wp\/v2\/posts"}],"about":[{"href":"https:\/\/tvc16.com\/portal\/wp-json\/wp\/v2\/types\/post"}],"author":[{"embeddable":true,"href":"https:\/\/tvc16.com\/portal\/wp-json\/wp\/v2\/users\/2"}],"replies":[{"embeddable":true,"href":"https:\/\/tvc16.com\/portal\/wp-json\/wp\/v2\/comments?post=9052"}],"version-history":[{"count":1,"href":"https:\/\/tvc16.com\/portal\/wp-json\/wp\/v2\/posts\/9052\/revisions"}],"predecessor-version":[{"id":9054,"href":"https:\/\/tvc16.com\/portal\/wp-json\/wp\/v2\/posts\/9052\/revisions\/9054"}],"wp:featuredmedia":[{"embeddable":true,"href":"https:\/\/tvc16.com\/portal\/wp-json\/wp\/v2\/media\/9053"}],"wp:attachment":[{"href":"https:\/\/tvc16.com\/portal\/wp-json\/wp\/v2\/media?parent=9052"}],"wp:term":[{"taxonomy":"category","embeddable":true,"href":"https:\/\/tvc16.com\/portal\/wp-json\/wp\/v2\/categories?post=9052"},{"taxonomy":"post_tag","embeddable":true,"href":"https:\/\/tvc16.com\/portal\/wp-json\/wp\/v2\/tags?post=9052"}],"curies":[{"name":"wp","href":"https:\/\/api.w.org\/{rel}","templated":true}]}}