{"id":9059,"date":"2020-12-31T14:09:38","date_gmt":"2020-12-31T17:09:38","guid":{"rendered":"https:\/\/tvc16.com\/portal\/?p=9059"},"modified":"2020-12-31T14:14:35","modified_gmt":"2020-12-31T17:14:35","slug":"governo-do-estado-do-rj-retoma-pagamento-de-pensoes-das-familias-de-vitimas-da-chacina-de-vigario-geral","status":"publish","type":"post","link":"https:\/\/tvc16.com\/portal\/2020\/12\/31\/governo-do-estado-do-rj-retoma-pagamento-de-pensoes-das-familias-de-vitimas-da-chacina-de-vigario-geral\/","title":{"rendered":"Governo do Estado do RJ  retoma pagamento de pens\u00f5es das fam\u00edlias de v\u00edtimas da chacina de Vig\u00e1rio Geral"},"content":{"rendered":"\n<p>Decreto do governador restabelece benef\u00edcio e inclui valores retroativos a 2019 e 2020<\/p>\n\n\n\n<p>O governador em exerc\u00edcio do Rio de Janeiro, Cl\u00e1udio Castro, assinou decreto determinando que a Secretaria de Fazenda retome o pagamento de pens\u00f5es \u00e0s fam\u00edlias de v\u00edtimas da chacina de Vig\u00e1rio Geral, ocorrida em 1993.&nbsp; Al\u00e9m do restabelecimento do benef\u00edcio, o Estado pagar\u00e1, j\u00e1 na primeira semana de janeiro, todo valor retroativo a 2019 e 2020 que deixou de ser depositado.<\/p>\n\n\n\n<p>&#8211; N\u00e3o podemos esquecer nunca esse triste cap\u00edtulo da nossa hist\u00f3ria que foi a chacina de Vig\u00e1rio Geral. Voltar a pagar essas pens\u00f5es \u00e9 a corre\u00e7\u00e3o de um erro. Um erro diante do qual o estado n\u00e3o pode ficar calado com tamanha injusti\u00e7a. Ent\u00e3o, falamos com os \u00f3rg\u00e3os de controle e pudemos reativar esse pagamento, al\u00e9m de quitar os atrasados \u2013 afirmou o governador em exerc\u00edcio.<\/p>\n\n\n\n<p>O secret\u00e1rio de Desenvolvimento Social e Direitos Humanos, Bruno Dauaire, esteve \u00e0 frente do di\u00e1logo com parentes das v\u00edtimas da chacina. Ap\u00f3s as conversas, foram feitos os ajustes t\u00e9cnicos junto \u00e0 Secretaria de Fazenda para o restabelecimento do benef\u00edcio.<\/p>\n\n\n\n<p>&#8211; Estamos reparando uma injusti\u00e7a e corrigindo um erro hist\u00f3rico com as fam\u00edlias das v\u00edtimas da chacina de Vig\u00e1rio. Essas pens\u00f5es n\u00e3o vinham sendo pagas h\u00e1 muito tempo, e agora o governador Cl\u00e1udio Castro determinou que esses pagamentos permane\u00e7am de uma vez por todas na folha salarial do estado \u2013 ressaltou o secret\u00e1rio Bruno Dauaire.<br><\/p>\n","protected":false},"excerpt":{"rendered":"<p>Decreto do governador restabelece benef\u00edcio e inclui valores retroativos a 2019 e 2020 O governador<\/p>\n","protected":false},"author":2,"featured_media":9062,"comment_status":"open","ping_status":"open","sticky":false,"template":"","format":"standard","meta":{"footnotes":""},"categories":[17],"tags":[],"class_list":["post-9059","post","type-post","status-publish","format-standard","has-post-thumbnail","hentry","category-outras-noticias"],"_links":{"self":[{"href":"https:\/\/tvc16.com\/portal\/wp-json\/wp\/v2\/posts\/9059","targetHints":{"allow":["GET"]}}],"collection":[{"href":"https:\/\/tvc16.com\/portal\/wp-json\/wp\/v2\/posts"}],"about":[{"href":"https:\/\/tvc16.com\/portal\/wp-json\/wp\/v2\/types\/post"}],"author":[{"embeddable":true,"href":"https:\/\/tvc16.com\/portal\/wp-json\/wp\/v2\/users\/2"}],"replies":[{"embeddable":true,"href":"https:\/\/tvc16.com\/portal\/wp-json\/wp\/v2\/comments?post=9059"}],"version-history":[{"count":1,"href":"https:\/\/tvc16.com\/portal\/wp-json\/wp\/v2\/posts\/9059\/revisions"}],"predecessor-version":[{"id":9061,"href":"https:\/\/tvc16.com\/portal\/wp-json\/wp\/v2\/posts\/9059\/revisions\/9061"}],"wp:featuredmedia":[{"embeddable":true,"href":"https:\/\/tvc16.com\/portal\/wp-json\/wp\/v2\/media\/9062"}],"wp:attachment":[{"href":"https:\/\/tvc16.com\/portal\/wp-json\/wp\/v2\/media?parent=9059"}],"wp:term":[{"taxonomy":"category","embeddable":true,"href":"https:\/\/tvc16.com\/portal\/wp-json\/wp\/v2\/categories?post=9059"},{"taxonomy":"post_tag","embeddable":true,"href":"https:\/\/tvc16.com\/portal\/wp-json\/wp\/v2\/tags?post=9059"}],"curies":[{"name":"wp","href":"https:\/\/api.w.org\/{rel}","templated":true}]}}