{"id":906,"date":"2020-09-22T13:23:04","date_gmt":"2020-09-22T13:23:04","guid":{"rendered":"https:\/\/tvc16.com\/portal\/?p=906"},"modified":"2020-09-22T13:23:04","modified_gmt":"2020-09-22T13:23:04","slug":"brasileiros-acreditam-que-inflacao-ficara-em-47-em-12-meses","status":"publish","type":"post","link":"https:\/\/tvc16.com\/portal\/2020\/09\/22\/brasileiros-acreditam-que-inflacao-ficara-em-47-em-12-meses\/","title":{"rendered":"Brasileiros acreditam que infla\u00e7\u00e3o ficar\u00e1 em 4,7% em 12 meses"},"content":{"rendered":"\n<p>A informa\u00e7\u00e3o foi divulgada hoje pela FGV<\/p>\n\n\n\n<p>Os consumidores brasileiros acreditam que a taxa de infla\u00e7\u00e3o ficar\u00e1 acumulada em 4,7% nos pr\u00f3ximos 12 meses. A taxa da expectativa mediana de infla\u00e7\u00e3o dos consumidores brasileiros \u00e9 0,4 ponto percentual superior \u00e0 registrada em agosto, encerrando a tend\u00eancia de queda iniciada em maio deste ano.<\/p>\n\n\n\n<p>A pesquisa \u00e9 feita com base na opini\u00e3o de consumidores que respondem \u00e0 seguinte pergunta: Na sua opini\u00e3o, de quanto ser\u00e1 a infla\u00e7\u00e3o brasileira nos pr\u00f3ximos 12 meses?<\/p>\n\n\n\n<p>\u201cAp\u00f3s atingir o menor valor da s\u00e9rie no m\u00eas anterior, a expectativa de infla\u00e7\u00e3o mediana dos consumidores voltou a subir em setembro em todas as faixas de renda. Apesar da estabilidade dos pre\u00e7os de alguns bens e servi\u00e7os, o aumento persistente dos itens de alimenta\u00e7\u00e3o no domic\u00edlio pode estar influenciando as expectativas principalmente nos consumidores de renda mais baixa. Para os pr\u00f3ximos meses, \u00e9 poss\u00edvel que a mediana se distancie cada vez mais do m\u00ednimo, considerando as constantes revis\u00f5es nas proje\u00e7\u00f5es de mercado e a possibilidade dos pre\u00e7os dos alimentos seguirem pressionados\u201d, afirma a economista da FGV Renata de Mello Franco.<\/p>\n\n\n\n<p>Vitor Abdala &#8211; Rep\u00f3rter da Ag\u00eancia Brasil &#8211; Rio de Janeiro<\/p>\n\n\n\n<p>Edi\u00e7\u00e3o: Val\u00e9ria Aguiar<\/p>\n","protected":false},"excerpt":{"rendered":"<p>A informa\u00e7\u00e3o foi divulgada hoje pela FGV Os consumidores brasileiros acreditam que a taxa de<\/p>\n","protected":false},"author":2,"featured_media":907,"comment_status":"open","ping_status":"open","sticky":false,"template":"","format":"standard","meta":{"footnotes":""},"categories":[14],"tags":[],"class_list":["post-906","post","type-post","status-publish","format-standard","has-post-thumbnail","hentry","category-pais"],"_links":{"self":[{"href":"https:\/\/tvc16.com\/portal\/wp-json\/wp\/v2\/posts\/906","targetHints":{"allow":["GET"]}}],"collection":[{"href":"https:\/\/tvc16.com\/portal\/wp-json\/wp\/v2\/posts"}],"about":[{"href":"https:\/\/tvc16.com\/portal\/wp-json\/wp\/v2\/types\/post"}],"author":[{"embeddable":true,"href":"https:\/\/tvc16.com\/portal\/wp-json\/wp\/v2\/users\/2"}],"replies":[{"embeddable":true,"href":"https:\/\/tvc16.com\/portal\/wp-json\/wp\/v2\/comments?post=906"}],"version-history":[{"count":1,"href":"https:\/\/tvc16.com\/portal\/wp-json\/wp\/v2\/posts\/906\/revisions"}],"predecessor-version":[{"id":908,"href":"https:\/\/tvc16.com\/portal\/wp-json\/wp\/v2\/posts\/906\/revisions\/908"}],"wp:featuredmedia":[{"embeddable":true,"href":"https:\/\/tvc16.com\/portal\/wp-json\/wp\/v2\/media\/907"}],"wp:attachment":[{"href":"https:\/\/tvc16.com\/portal\/wp-json\/wp\/v2\/media?parent=906"}],"wp:term":[{"taxonomy":"category","embeddable":true,"href":"https:\/\/tvc16.com\/portal\/wp-json\/wp\/v2\/categories?post=906"},{"taxonomy":"post_tag","embeddable":true,"href":"https:\/\/tvc16.com\/portal\/wp-json\/wp\/v2\/tags?post=906"}],"curies":[{"name":"wp","href":"https:\/\/api.w.org\/{rel}","templated":true}]}}