{"id":9063,"date":"2020-12-31T14:20:50","date_gmt":"2020-12-31T17:20:50","guid":{"rendered":"https:\/\/tvc16.com\/portal\/?p=9063"},"modified":"2020-12-31T14:20:54","modified_gmt":"2020-12-31T17:20:54","slug":"kits-com-lapis-borracha-caderno-cola-lapis-de-cor-tesoura-e-demais-artigos-necessarios-para-os-estudantes-de-acordo-com-o-ano-de-escolaridade-foram-entregues-no-deposito-da-secretaria-de-educac","status":"publish","type":"post","link":"https:\/\/tvc16.com\/portal\/2020\/12\/31\/kits-com-lapis-borracha-caderno-cola-lapis-de-cor-tesoura-e-demais-artigos-necessarios-para-os-estudantes-de-acordo-com-o-ano-de-escolaridade-foram-entregues-no-deposito-da-secretaria-de-educac\/","title":{"rendered":"Kits com l\u00e1pis, borracha, caderno, cola, l\u00e1pis de cor, tesoura e demais artigos necess\u00e1rios para os estudantes, de acordo com o ano de escolaridade, foram entregues no dep\u00f3sito da Secretaria de Educa\u00e7\u00e3o."},"content":{"rendered":"\n<p>No pr\u00f3ximo ano, os alunos da rede municipal de Educa\u00e7\u00e3o receber\u00e3o mais um kit pedag\u00f3gico. A entrega ser\u00e1 poss\u00edvel gra\u00e7as ao investimento do poder p\u00fablico na compra de material individual para os mais de 40 mil estudantes matriculados na rede de ensino. <\/p>\n\n\n\n<p>Os conjuntos com l\u00e1pis, borracha, caderno, cola, l\u00e1pis de cor, tesoura e demais artigos necess\u00e1rios para os estudantes, de acordo com o ano de escolaridade, j\u00e1 foram entregues no dep\u00f3sito da Secretaria de Educa\u00e7\u00e3o. Al\u00e9m disso, mobili\u00e1rio, ventiladores, material pedag\u00f3gico e itens espec\u00edficos para a educa\u00e7\u00e3o infantil tamb\u00e9m foram comprados para serem entregues na rede no pr\u00f3ximo ano. O prefeito Bernardo Rossi esteve no dep\u00f3sito da Educa\u00e7\u00e3o nessa quarta-feira (30\/12) para conferir o estoque. Vale salientar que, para dar continuidade a renova\u00e7\u00e3o da frota de \u00f4nibus escolares, 16 novos ve\u00edculos tamb\u00e9m foram adquiridos e ser\u00e3o entregues em 2021.<br>\u201cAt\u00e9 o ultimo dia continuamos cumprindo com o que foi prometido. A rede municipal de Educa\u00e7\u00e3o ganhou uma repaginada com mobili\u00e1rio e brinquedos novos, mas, tamb\u00e9m compramos material esportivo, ventiladores, kits musicais para as bandas, kit pedag\u00f3gico para os alunos. Nesse ano de 2020 cada aluno recebeu seu kit e, em para garantir que em 2021 eles tamb\u00e9m recebam o kit, fizemos mais uma nova compra\u201d, afirmou o prefeito Bernardo Rossi.<\/p>\n\n\n\n<figure class=\"wp-block-image size-large\"><img loading=\"lazy\" decoding=\"async\" width=\"1024\" height=\"485\" src=\"https:\/\/tvc16.com\/portal\/wp-content\/uploads\/2020\/12\/WhatsApp-Image-2020-12-31-at-08.43.24-1-1024x485.jpeg\" alt=\"\" class=\"wp-image-9066\" srcset=\"https:\/\/tvc16.com\/portal\/wp-content\/uploads\/2020\/12\/WhatsApp-Image-2020-12-31-at-08.43.24-1-1024x485.jpeg 1024w, https:\/\/tvc16.com\/portal\/wp-content\/uploads\/2020\/12\/WhatsApp-Image-2020-12-31-at-08.43.24-1-300x142.jpeg 300w, https:\/\/tvc16.com\/portal\/wp-content\/uploads\/2020\/12\/WhatsApp-Image-2020-12-31-at-08.43.24-1-768x364.jpeg 768w, https:\/\/tvc16.com\/portal\/wp-content\/uploads\/2020\/12\/WhatsApp-Image-2020-12-31-at-08.43.24-1.jpeg 1280w\" sizes=\"auto, (max-width: 1024px) 100vw, 1024px\" \/><\/figure>\n\n\n\n<p><br>S\u00f3 de kits pedag\u00f3gicos s\u00e3o cerca de 44 mil. Receber\u00e3o os conjuntos tanto os alunos dos Centros de Educa\u00e7\u00e3o Infantil, quanto os das escolas e EJA \u2013 Educa\u00e7\u00e3o de Jovens e Adultos. Os kits foram adquiridos atrav\u00e9s de ades\u00e3o a uma ata de compras do FNDE \u2013 Fundo Nacional de Desenvolvimento da Educa\u00e7\u00e3o \u2013 ou seja, o governo federal abriu um grande processo de compra e as prefeituras interessadas tiveram a oportunidade de adquirir e pagar por todo material recebido. Em 2020 a prefeitura tamb\u00e9m adquiriu kits atrav\u00e9s de uma ades\u00e3o a uma ata de compras do FNDE.<br>\u201cSabemos o quanto foi importante para as crian\u00e7as terem acesso a esse material. Foi essencial sobretudo para que todos pudessem fazer as atividades propostas na plataforma Educa em Casa, nesse per\u00edodo de suspens\u00e3o do atendimento presencial. Al\u00e9m disso vamos deixar todo esse material pedag\u00f3gico, brinquedos, mobili\u00e1rio itens esportivos para a rede, sabendo que todas as escolas e creches aproveitar\u00e3o da melhor forma poss\u00edvel esse legado, quando o retorno for poss\u00edvel\u201d, explicou a secret\u00e1ria de Educa\u00e7\u00e3o, Marcia Palma.<\/p>\n\n\n\n<figure class=\"wp-block-image size-large\"><img loading=\"lazy\" decoding=\"async\" width=\"1024\" height=\"485\" src=\"https:\/\/tvc16.com\/portal\/wp-content\/uploads\/2020\/12\/WhatsApp-Image-2020-12-31-at-08.43.24-3-1-1024x485.jpeg\" alt=\"\" class=\"wp-image-9067\" srcset=\"https:\/\/tvc16.com\/portal\/wp-content\/uploads\/2020\/12\/WhatsApp-Image-2020-12-31-at-08.43.24-3-1-1024x485.jpeg 1024w, https:\/\/tvc16.com\/portal\/wp-content\/uploads\/2020\/12\/WhatsApp-Image-2020-12-31-at-08.43.24-3-1-300x142.jpeg 300w, https:\/\/tvc16.com\/portal\/wp-content\/uploads\/2020\/12\/WhatsApp-Image-2020-12-31-at-08.43.24-3-1-768x364.jpeg 768w, https:\/\/tvc16.com\/portal\/wp-content\/uploads\/2020\/12\/WhatsApp-Image-2020-12-31-at-08.43.24-3-1.jpeg 1280w\" sizes=\"auto, (max-width: 1024px) 100vw, 1024px\" \/><\/figure>\n\n\n\n<p><br>No dep\u00f3sito da educa\u00e7\u00e3o h\u00e1 ainda produtos novos para a rede: mobili\u00e1rio, ventiladores, material pedag\u00f3gico e itens espec\u00edficos para a educa\u00e7\u00e3o infantil. Grande parte j\u00e1 foi entregue na rede, mas, ainda h\u00e1 itens no estoque para serem entregues na rede no pr\u00f3ximo ano.<br><\/p>\n","protected":false},"excerpt":{"rendered":"<p>No pr\u00f3ximo ano, os alunos da rede municipal de Educa\u00e7\u00e3o receber\u00e3o mais um kit pedag\u00f3gico.<\/p>\n","protected":false},"author":2,"featured_media":9064,"comment_status":"open","ping_status":"open","sticky":false,"template":"","format":"standard","meta":{"footnotes":""},"categories":[12],"tags":[],"class_list":["post-9063","post","type-post","status-publish","format-standard","has-post-thumbnail","hentry","category-cidade"],"_links":{"self":[{"href":"https:\/\/tvc16.com\/portal\/wp-json\/wp\/v2\/posts\/9063","targetHints":{"allow":["GET"]}}],"collection":[{"href":"https:\/\/tvc16.com\/portal\/wp-json\/wp\/v2\/posts"}],"about":[{"href":"https:\/\/tvc16.com\/portal\/wp-json\/wp\/v2\/types\/post"}],"author":[{"embeddable":true,"href":"https:\/\/tvc16.com\/portal\/wp-json\/wp\/v2\/users\/2"}],"replies":[{"embeddable":true,"href":"https:\/\/tvc16.com\/portal\/wp-json\/wp\/v2\/comments?post=9063"}],"version-history":[{"count":1,"href":"https:\/\/tvc16.com\/portal\/wp-json\/wp\/v2\/posts\/9063\/revisions"}],"predecessor-version":[{"id":9068,"href":"https:\/\/tvc16.com\/portal\/wp-json\/wp\/v2\/posts\/9063\/revisions\/9068"}],"wp:featuredmedia":[{"embeddable":true,"href":"https:\/\/tvc16.com\/portal\/wp-json\/wp\/v2\/media\/9064"}],"wp:attachment":[{"href":"https:\/\/tvc16.com\/portal\/wp-json\/wp\/v2\/media?parent=9063"}],"wp:term":[{"taxonomy":"category","embeddable":true,"href":"https:\/\/tvc16.com\/portal\/wp-json\/wp\/v2\/categories?post=9063"},{"taxonomy":"post_tag","embeddable":true,"href":"https:\/\/tvc16.com\/portal\/wp-json\/wp\/v2\/tags?post=9063"}],"curies":[{"name":"wp","href":"https:\/\/api.w.org\/{rel}","templated":true}]}}