{"id":9069,"date":"2020-12-31T14:31:59","date_gmt":"2020-12-31T17:31:59","guid":{"rendered":"https:\/\/tvc16.com\/portal\/?p=9069"},"modified":"2020-12-31T14:33:22","modified_gmt":"2020-12-31T17:33:22","slug":"frota-escolar-deve-aumentar-em-mais-16-veiculos-segundo-a-secretaria-municipal-de-educacao","status":"publish","type":"post","link":"https:\/\/tvc16.com\/portal\/2020\/12\/31\/frota-escolar-deve-aumentar-em-mais-16-veiculos-segundo-a-secretaria-municipal-de-educacao\/","title":{"rendered":"Frota escolar deve aumentar em mais 16 ve\u00edculos, segundo a Secretaria Municipal de Educa\u00e7\u00e3o"},"content":{"rendered":"\n<p>Ainda neste ano, o governo adquiriu mais 16 novos \u00f4nibus que dever\u00e3o ser entregues \u00e0 rede Municipal de Educa\u00e7\u00e3o em 2021. Com os 11 novos ve\u00edculos entregues em 2020 e os outros 2 adquiridos em 2017 e 2018, o n\u00famero total de novos \u00f4nibus conquistados para a rede durante a gest\u00e3o Bernardo Rossi chegar\u00e1 a 29.<\/p>\n\n\n\n<p><br> Em 2021, mais 16 chegar\u00e3o para refor\u00e7ar a renova\u00e7\u00e3o da frota, t\u00e3o importante para as crian\u00e7as que moram nas localidades conhecidas como de dif\u00edcil acesso. N\u00e3o foi f\u00e1cil, mas, com responsabilidade e com uma gest\u00e3o comprometida, conseguimos fazer hist\u00f3ria na rede municipal de Educa\u00e7\u00e3o\u201d, garante Bernardo Rossi.<\/p>\n\n\n\n<p>Foto acima: meramente ilustrativa<\/p>\n","protected":false},"excerpt":{"rendered":"<p>Ainda neste ano, o governo adquiriu mais 16 novos \u00f4nibus que dever\u00e3o ser entregues \u00e0<\/p>\n","protected":false},"author":2,"featured_media":9070,"comment_status":"open","ping_status":"open","sticky":false,"template":"","format":"standard","meta":{"footnotes":""},"categories":[12],"tags":[],"class_list":["post-9069","post","type-post","status-publish","format-standard","has-post-thumbnail","hentry","category-cidade"],"_links":{"self":[{"href":"https:\/\/tvc16.com\/portal\/wp-json\/wp\/v2\/posts\/9069","targetHints":{"allow":["GET"]}}],"collection":[{"href":"https:\/\/tvc16.com\/portal\/wp-json\/wp\/v2\/posts"}],"about":[{"href":"https:\/\/tvc16.com\/portal\/wp-json\/wp\/v2\/types\/post"}],"author":[{"embeddable":true,"href":"https:\/\/tvc16.com\/portal\/wp-json\/wp\/v2\/users\/2"}],"replies":[{"embeddable":true,"href":"https:\/\/tvc16.com\/portal\/wp-json\/wp\/v2\/comments?post=9069"}],"version-history":[{"count":2,"href":"https:\/\/tvc16.com\/portal\/wp-json\/wp\/v2\/posts\/9069\/revisions"}],"predecessor-version":[{"id":9072,"href":"https:\/\/tvc16.com\/portal\/wp-json\/wp\/v2\/posts\/9069\/revisions\/9072"}],"wp:featuredmedia":[{"embeddable":true,"href":"https:\/\/tvc16.com\/portal\/wp-json\/wp\/v2\/media\/9070"}],"wp:attachment":[{"href":"https:\/\/tvc16.com\/portal\/wp-json\/wp\/v2\/media?parent=9069"}],"wp:term":[{"taxonomy":"category","embeddable":true,"href":"https:\/\/tvc16.com\/portal\/wp-json\/wp\/v2\/categories?post=9069"},{"taxonomy":"post_tag","embeddable":true,"href":"https:\/\/tvc16.com\/portal\/wp-json\/wp\/v2\/tags?post=9069"}],"curies":[{"name":"wp","href":"https:\/\/api.w.org\/{rel}","templated":true}]}}