{"id":9073,"date":"2020-12-31T14:36:05","date_gmt":"2020-12-31T17:36:05","guid":{"rendered":"https:\/\/tvc16.com\/portal\/?p=9073"},"modified":"2020-12-31T14:36:07","modified_gmt":"2020-12-31T17:36:07","slug":"norma-da-receita-federal-agiliza-importacao-de-vacinas-contra-covid-19","status":"publish","type":"post","link":"https:\/\/tvc16.com\/portal\/2020\/12\/31\/norma-da-receita-federal-agiliza-importacao-de-vacinas-contra-covid-19\/","title":{"rendered":"Norma da Receita Federal agiliza importa\u00e7\u00e3o de vacinas contra covid-19"},"content":{"rendered":"\n<h3 class=\"wp-block-heading\">Instru\u00e7\u00e3o Normativa foi publicada hoje no Di\u00e1rio Oficial<\/h3>\n\n\n\n<p>As vacinas contra covid-19 foram inclu\u00eddas na lista de produtos com importa\u00e7\u00e3o facilitada. Em&nbsp;<a href=\"https:\/\/www.in.gov.br\/en\/web\/dou\/-\/instrucao-normativa-rfb-n-2.002-de-29-de-dezembro-de-2020-297221613\" target=\"_blank\" rel=\"noreferrer noopener\">instru\u00e7\u00e3o normativa publicada hoje<\/a>&nbsp;(31), no Di\u00e1rio Oficial da Uni\u00e3o, a Receita Federal definiu que as vacinas fazem parte da lista de mercadorias sujeitas a entrega antecipada, devido \u00e0 emerg\u00eancia de sa\u00fade p\u00fablica.<img decoding=\"async\" src=\"https:\/\/agenciabrasil.ebc.com.br\/ebc.png?id=1397683&amp;o=node\"><img decoding=\"async\" src=\"https:\/\/agenciabrasil.ebc.com.br\/ebc.gif?id=1397683&amp;o=node\"><\/p>\n\n\n\n<p>Em nota, o \u00f3rg\u00e3o explicou que as vacinas \u201cpoder\u00e3o ser entregues ao importador antes da conclus\u00e3o da confer\u00eancia aduaneira, enquanto permanecer a situa\u00e7\u00e3o de Emerg\u00eancia em Sa\u00fade P\u00fablica de Import\u00e2ncia Nacional decorrente da doen\u00e7a causada pelo novo coronav\u00edrus.\u201d<\/p>\n\n\n\n<p>\u201cO objetivo da medida \u00e9 manter um fluxo r\u00e1pido de abastecimento de bens, mercadorias e mat\u00e9rias-primas destinadas ao combate \u00e0 pandemia, mediante a agiliza\u00e7\u00e3o da entrega da carga e permiss\u00e3o de sua utiliza\u00e7\u00e3o\u201d, acrescentou.<\/p>\n\n\n\n<p>Por Kelly Oliveira \u2013 Rep\u00f3rter da Ag\u00eancia Brasil &#8211; Bras\u00edlia<\/p>\n\n\n\n<p>Edi\u00e7\u00e3o: Pedro Ivo de Oliveira<\/p>\n","protected":false},"excerpt":{"rendered":"<p>Instru\u00e7\u00e3o Normativa foi publicada hoje no Di\u00e1rio Oficial As vacinas contra covid-19 foram inclu\u00eddas na<\/p>\n","protected":false},"author":2,"featured_media":9074,"comment_status":"open","ping_status":"open","sticky":false,"template":"","format":"standard","meta":{"footnotes":""},"categories":[17],"tags":[],"class_list":["post-9073","post","type-post","status-publish","format-standard","has-post-thumbnail","hentry","category-outras-noticias"],"_links":{"self":[{"href":"https:\/\/tvc16.com\/portal\/wp-json\/wp\/v2\/posts\/9073","targetHints":{"allow":["GET"]}}],"collection":[{"href":"https:\/\/tvc16.com\/portal\/wp-json\/wp\/v2\/posts"}],"about":[{"href":"https:\/\/tvc16.com\/portal\/wp-json\/wp\/v2\/types\/post"}],"author":[{"embeddable":true,"href":"https:\/\/tvc16.com\/portal\/wp-json\/wp\/v2\/users\/2"}],"replies":[{"embeddable":true,"href":"https:\/\/tvc16.com\/portal\/wp-json\/wp\/v2\/comments?post=9073"}],"version-history":[{"count":1,"href":"https:\/\/tvc16.com\/portal\/wp-json\/wp\/v2\/posts\/9073\/revisions"}],"predecessor-version":[{"id":9075,"href":"https:\/\/tvc16.com\/portal\/wp-json\/wp\/v2\/posts\/9073\/revisions\/9075"}],"wp:featuredmedia":[{"embeddable":true,"href":"https:\/\/tvc16.com\/portal\/wp-json\/wp\/v2\/media\/9074"}],"wp:attachment":[{"href":"https:\/\/tvc16.com\/portal\/wp-json\/wp\/v2\/media?parent=9073"}],"wp:term":[{"taxonomy":"category","embeddable":true,"href":"https:\/\/tvc16.com\/portal\/wp-json\/wp\/v2\/categories?post=9073"},{"taxonomy":"post_tag","embeddable":true,"href":"https:\/\/tvc16.com\/portal\/wp-json\/wp\/v2\/tags?post=9073"}],"curies":[{"name":"wp","href":"https:\/\/api.w.org\/{rel}","templated":true}]}}