{"id":9076,"date":"2020-12-31T20:00:33","date_gmt":"2020-12-31T23:00:33","guid":{"rendered":"https:\/\/tvc16.com\/portal\/?p=9076"},"modified":"2020-12-31T20:00:36","modified_gmt":"2020-12-31T23:00:36","slug":"depois-de-quase-um-mes-internado-por-conta-da-covid-19-vereador-paulo-igor-perde-a-vida-para-a-doenca","status":"publish","type":"post","link":"https:\/\/tvc16.com\/portal\/2020\/12\/31\/depois-de-quase-um-mes-internado-por-conta-da-covid-19-vereador-paulo-igor-perde-a-vida-para-a-doenca\/","title":{"rendered":"Depois de quase um m\u00eas internado por conta da Covid-19, vereador Paulo Igor perde a vida para a doen\u00e7a"},"content":{"rendered":"\n<p><\/p>\n\n\n\n<p>Morre nesta quinta-feira (31) o Vereador e ex-presidente da C\u00e2mara, Paulo Igor Carelli (DC). Paulo Igor foi internado na Unidade de Terapia Intensiva do Hospital Santa Teresa (HST) no in\u00edcio do m\u00eas.  No \u00faltimo dia 11 completou 39 anos, no Hospital.<\/p>\n\n\n\n<p>Paulo Igor exerceu tr\u00eas mandatos no legislativo. Neste ano foi eleito com 2.150 votos, para \u00e0 C\u00e2mara Municipal de Petr\u00f3polis.<\/p>\n\n\n\n<p>Paulo Igor chegou a ser diplomado por procura\u00e7\u00e3o no \u00faltimo 18. Ele estava afastado das atividades, por ordem judicial.<\/p>\n\n\n\n<p>O parlamentar deixou esposa e tr\u00eas filhos.<\/p>\n","protected":false},"excerpt":{"rendered":"<p>Morre nesta quinta-feira (31) o Vereador e ex-presidente da C\u00e2mara, Paulo Igor Carelli (DC). Paulo<\/p>\n","protected":false},"author":2,"featured_media":9077,"comment_status":"open","ping_status":"open","sticky":false,"template":"","format":"standard","meta":{"footnotes":""},"categories":[12],"tags":[],"class_list":["post-9076","post","type-post","status-publish","format-standard","has-post-thumbnail","hentry","category-cidade"],"_links":{"self":[{"href":"https:\/\/tvc16.com\/portal\/wp-json\/wp\/v2\/posts\/9076","targetHints":{"allow":["GET"]}}],"collection":[{"href":"https:\/\/tvc16.com\/portal\/wp-json\/wp\/v2\/posts"}],"about":[{"href":"https:\/\/tvc16.com\/portal\/wp-json\/wp\/v2\/types\/post"}],"author":[{"embeddable":true,"href":"https:\/\/tvc16.com\/portal\/wp-json\/wp\/v2\/users\/2"}],"replies":[{"embeddable":true,"href":"https:\/\/tvc16.com\/portal\/wp-json\/wp\/v2\/comments?post=9076"}],"version-history":[{"count":1,"href":"https:\/\/tvc16.com\/portal\/wp-json\/wp\/v2\/posts\/9076\/revisions"}],"predecessor-version":[{"id":9078,"href":"https:\/\/tvc16.com\/portal\/wp-json\/wp\/v2\/posts\/9076\/revisions\/9078"}],"wp:featuredmedia":[{"embeddable":true,"href":"https:\/\/tvc16.com\/portal\/wp-json\/wp\/v2\/media\/9077"}],"wp:attachment":[{"href":"https:\/\/tvc16.com\/portal\/wp-json\/wp\/v2\/media?parent=9076"}],"wp:term":[{"taxonomy":"category","embeddable":true,"href":"https:\/\/tvc16.com\/portal\/wp-json\/wp\/v2\/categories?post=9076"},{"taxonomy":"post_tag","embeddable":true,"href":"https:\/\/tvc16.com\/portal\/wp-json\/wp\/v2\/tags?post=9076"}],"curies":[{"name":"wp","href":"https:\/\/api.w.org\/{rel}","templated":true}]}}