{"id":9099,"date":"2021-01-01T17:39:25","date_gmt":"2021-01-01T20:39:25","guid":{"rendered":"https:\/\/tvc16.com\/portal\/?p=9099"},"modified":"2021-01-01T17:39:27","modified_gmt":"2021-01-01T20:39:27","slug":"rogerio-lisboa-toma-posse-de-seu-segundo-mandato-como-prefeito-de-nova-iguacu","status":"publish","type":"post","link":"https:\/\/tvc16.com\/portal\/2021\/01\/01\/rogerio-lisboa-toma-posse-de-seu-segundo-mandato-como-prefeito-de-nova-iguacu\/","title":{"rendered":"Rogerio Lisboa toma posse de seu segundo mandato como prefeito de Nova Igua\u00e7u"},"content":{"rendered":"\n<p>O prefeito de Nova Igua\u00e7u, Rogerio Lisboa (PP), tomou posse, nesta sexta-feira (1\u00ba), em seu segundo mandato como chefe do Executivo municipal. A solenidade, realizada na C\u00e2mara Municipal de Nova Igua\u00e7u, durou cerca de 30 minutos e foi fechada ao p\u00fablico em virtude da pandemia da Covid-19. Ele foi reeleito em novembro de 2020, ainda no primeiro turno, com 62,10% dos votos v\u00e1lidos.<\/p>\n\n\n\n<p>Muito preocupado com a pandemia, o prefeito afirmou que as aulas na rede p\u00fablica municipal s\u00f3 ser\u00e3o retomadas ap\u00f3s todos os alunos serem imunizados.<\/p>\n\n\n\n<figure class=\"wp-block-image size-large\"><img loading=\"lazy\" decoding=\"async\" width=\"1024\" height=\"683\" src=\"https:\/\/tvc16.com\/portal\/wp-content\/uploads\/2021\/01\/01_01_2021-POSSE-DO-PREFEITO-ROGERIO-LISBOA-151-1024x683.jpg\" alt=\"\" class=\"wp-image-9101\" srcset=\"https:\/\/tvc16.com\/portal\/wp-content\/uploads\/2021\/01\/01_01_2021-POSSE-DO-PREFEITO-ROGERIO-LISBOA-151-1024x683.jpg 1024w, https:\/\/tvc16.com\/portal\/wp-content\/uploads\/2021\/01\/01_01_2021-POSSE-DO-PREFEITO-ROGERIO-LISBOA-151-300x200.jpg 300w, https:\/\/tvc16.com\/portal\/wp-content\/uploads\/2021\/01\/01_01_2021-POSSE-DO-PREFEITO-ROGERIO-LISBOA-151-768x512.jpg 768w, https:\/\/tvc16.com\/portal\/wp-content\/uploads\/2021\/01\/01_01_2021-POSSE-DO-PREFEITO-ROGERIO-LISBOA-151-1536x1024.jpg 1536w\" sizes=\"auto, (max-width: 1024px) 100vw, 1024px\" \/><\/figure>\n\n\n\n<p>\u201cO ano de 2020 foi praticamente perdido para nossas crian\u00e7as. Esperamos que elas tamb\u00e9m n\u00e3o percam 2021. N\u00e3o \u00e9 justo que a gente demore mais tempo para vacinar a popula\u00e7\u00e3o. Sem a vacina, n\u00e3o temos condi\u00e7\u00f5es de retomar as atividades presenciais com seguran\u00e7a\u201d, ressaltou Lisboa. Segundo ele, o grande desafio de todos ser\u00e1 vencer a luta contra o coronav\u00edrus.<\/p>\n\n\n\n<p>Rogerio Lisboa se disse honrado e orgulhoso por tomar posse do cargo pela segunda vez e relembrou as dificuldades enfrentadas por seu governo ao longo dos \u00faltimos quatro anos. \u201cRecebemos a cidade com uma d\u00edvida enorme, tanto que os servidores p\u00fablicos estavam com tr\u00eas meses de sal\u00e1rios atrasados. Com muita austeridade fiscal, conseguimos colocar os sal\u00e1rios em dia, com nenhum atraso. Al\u00e9m disso, enfrentamos grandes desafios, como a chuva de granizo de 2019 e a pandemia\u201d, recordou o prefeito.<\/p>\n\n\n\n<p>Lisboa tamb\u00e9m relembrou conquistas ao longo do primeiro mandato, como a constru\u00e7\u00e3o do Viaduto dos Imigrantes, a retomada das obras do viaduto de Austin, que pertencia ao Governo do Estado e foi assumida pela Prefeitura, o projeto de recupera\u00e7\u00e3o e canaliza\u00e7\u00e3o do Rio Botas, que vai beneficiar cerca de 100 mil moradores da cidade e prometeu ainda mais empenho para trazer para Nova Igua\u00e7u mais melhorias que ir\u00e3o impactar na vida da popula\u00e7\u00e3o.<\/p>\n\n\n\n<figure class=\"wp-block-image size-large\"><img decoding=\"async\" src=\"https:\/\/tvc16.com\/portal\/wp-content\/uploads\/2021\/01\/01_01_2021-POSSE-DO-PREFEITO-ROGERIO-LISBOA-53-1024x683.jpg\" alt=\"\" class=\"wp-image-9102\"\/><\/figure>\n\n\n\n<p>\u201cIniciamos a obra de reforma do Hospital Iguass\u00fa, um equipamento que faz parte da hist\u00f3ria da cidade, local onde muitos igua\u00e7uanos nasceram. Esta \u00e9 uma das nossas obras mais importantes e esperamos entregar o hospital nos pr\u00f3ximos meses\u201d, garantiu Lisboa.<\/p>\n","protected":false},"excerpt":{"rendered":"<p>O prefeito de Nova Igua\u00e7u, Rogerio Lisboa (PP), tomou posse, nesta sexta-feira (1\u00ba), em seu<\/p>\n","protected":false},"author":2,"featured_media":9104,"comment_status":"open","ping_status":"open","sticky":false,"template":"","format":"standard","meta":{"footnotes":""},"categories":[17],"tags":[],"class_list":["post-9099","post","type-post","status-publish","format-standard","has-post-thumbnail","hentry","category-outras-noticias"],"_links":{"self":[{"href":"https:\/\/tvc16.com\/portal\/wp-json\/wp\/v2\/posts\/9099","targetHints":{"allow":["GET"]}}],"collection":[{"href":"https:\/\/tvc16.com\/portal\/wp-json\/wp\/v2\/posts"}],"about":[{"href":"https:\/\/tvc16.com\/portal\/wp-json\/wp\/v2\/types\/post"}],"author":[{"embeddable":true,"href":"https:\/\/tvc16.com\/portal\/wp-json\/wp\/v2\/users\/2"}],"replies":[{"embeddable":true,"href":"https:\/\/tvc16.com\/portal\/wp-json\/wp\/v2\/comments?post=9099"}],"version-history":[{"count":1,"href":"https:\/\/tvc16.com\/portal\/wp-json\/wp\/v2\/posts\/9099\/revisions"}],"predecessor-version":[{"id":9105,"href":"https:\/\/tvc16.com\/portal\/wp-json\/wp\/v2\/posts\/9099\/revisions\/9105"}],"wp:featuredmedia":[{"embeddable":true,"href":"https:\/\/tvc16.com\/portal\/wp-json\/wp\/v2\/media\/9104"}],"wp:attachment":[{"href":"https:\/\/tvc16.com\/portal\/wp-json\/wp\/v2\/media?parent=9099"}],"wp:term":[{"taxonomy":"category","embeddable":true,"href":"https:\/\/tvc16.com\/portal\/wp-json\/wp\/v2\/categories?post=9099"},{"taxonomy":"post_tag","embeddable":true,"href":"https:\/\/tvc16.com\/portal\/wp-json\/wp\/v2\/tags?post=9099"}],"curies":[{"name":"wp","href":"https:\/\/api.w.org\/{rel}","templated":true}]}}